{"id":4431,"date":"2025-05-26T21:42:43","date_gmt":"2025-05-26T21:42:43","guid":{"rendered":"https:\/\/importaco.com\/?p=4431"},"modified":"2025-05-26T21:44:14","modified_gmt":"2025-05-26T21:44:14","slug":"importaco-nuts-strengthens-its-global-leadership-at-the-international-nut-and-dried-fruit-council-2025-world-congress-in-majorca","status":"publish","type":"post","link":"https:\/\/importaco.com\/en\/importaco-nuts-strengthens-its-global-leadership-at-the-international-nut-and-dried-fruit-council-2025-world-congress-in-majorca\/","title":{"rendered":"Importaco Nuts strengthens its global leadership at the International Nut and Dried Fruit Council 2025 World Congress in Majorca"},"content":{"rendered":"<p><span data-contrast=\"auto\">From <\/span><b><span data-contrast=\"auto\">May 8 to 10, 2025<\/span><\/b><span data-contrast=\"auto\">, Importaco Nuts participated in the <\/span><a href=\"https:\/\/congress.nutfruit.org\"><b><span data-contrast=\"auto\">INC World Nut and Dried Fruit Congress<\/span><\/b><\/a><span data-contrast=\"auto\">, the most important international congress in the <\/span><b><span data-contrast=\"auto\">nuts and dried fruit <\/span><\/b><span data-contrast=\"auto\">sector, held at the <\/span><b><span data-contrast=\"auto\">Palma Convention Center in Mallorca<\/span><\/b><span data-contrast=\"auto\">.<\/span><span data-ccp-props=\"{&quot;335559738&quot;:240,&quot;335559739&quot;:240}\">\u00a0<\/span><\/p>\n<p><span data-contrast=\"auto\">Organized by the <\/span><b><span data-contrast=\"auto\"><a href=\"https:\/\/inc.nutfruit.org\">International Nut and Dried Fruit Council<\/a> (INC)<\/span><\/b><span data-contrast=\"auto\">, this annual event is the leading global meeting point for professionals, producers and top companies in the sector. This year&#8217;s edition brought together more than <\/span><b><span data-contrast=\"auto\">1,500 attendees from over 60 countries<\/span><\/b><span data-contrast=\"auto\">, consolidating its position as a benchmark for discussing trends, challenges and opportunities in the <\/span><b><span data-contrast=\"auto\">international food industry<\/span><\/b><span data-contrast=\"auto\">.<\/span><span data-ccp-props=\"{&quot;335559738&quot;:240,&quot;335559739&quot;:240}\">\u00a0<\/span><\/p>\n<p><img loading=\"lazy\" decoding=\"async\" class=\"aligncenter wp-image-4397 size-full\" src=\"https:\/\/importaco.com\/wp-content\/uploads\/2025\/05\/INC-2025-11-1-1.jpg\" alt=\"INC Importaco\" width=\"2560\" height=\"1709\" srcset=\"https:\/\/importaco.com\/wp-content\/uploads\/2025\/05\/INC-2025-11-1-1.jpg 2560w, https:\/\/importaco.com\/wp-content\/uploads\/2025\/05\/INC-2025-11-1-1-300x200.jpg 300w, https:\/\/importaco.com\/wp-content\/uploads\/2025\/05\/INC-2025-11-1-1-1024x684.jpg 1024w, https:\/\/importaco.com\/wp-content\/uploads\/2025\/05\/INC-2025-11-1-1-768x513.jpg 768w, https:\/\/importaco.com\/wp-content\/uploads\/2025\/05\/INC-2025-11-1-1-1536x1025.jpg 1536w, https:\/\/importaco.com\/wp-content\/uploads\/2025\/05\/INC-2025-11-1-1-2048x1367.jpg 2048w, https:\/\/importaco.com\/wp-content\/uploads\/2025\/05\/INC-2025-11-1-1-1618x1080.jpg 1618w\" sizes=\"(max-width: 2560px) 100vw, 2560px\" \/><\/p>\n<h2><b><span data-contrast=\"auto\">A strategic space for innovation, sustainability and international growth<\/span><\/b><span data-ccp-props=\"{&quot;335559738&quot;:240,&quot;335559739&quot;:240}\">\u00a0<\/span><\/h2>\n<p><span data-contrast=\"auto\">Attending the congress allowed Importaco Nuts to strengthen its <\/span><b><span data-contrast=\"auto\">international presence<\/span><\/b><span data-contrast=\"auto\">, identify opportunities for collaboration and learn first-hand about the <\/span><b><span data-contrast=\"auto\">main innovations in the agri-food sector<\/span><\/b><span data-contrast=\"auto\">, with a special focus on <\/span><b><span data-contrast=\"auto\">sustainability <\/span><\/b><span data-contrast=\"auto\">and efficiency in the <\/span><b><span data-contrast=\"auto\">global supply chain<\/span><\/b><span data-contrast=\"auto\">.<\/span><span data-ccp-props=\"{&quot;335559738&quot;:240,&quot;335559739&quot;:240}\">\u00a0<\/span><\/p>\n<p><span data-contrast=\"auto\">During the conference, key issues such as the evolution of consumption, crop forecasts, adaptation to new regulations and technological advances in production and logistics were discussed.<\/span><span data-ccp-props=\"{&quot;335559738&quot;:240,&quot;335559739&quot;:240}\">\u00a0<\/span><\/p>\n<h2 aria-level=\"2\"><b><span data-contrast=\"auto\">Sponsorship of the welcome event: international brand visibility<\/span><\/b><span data-ccp-props=\"{&quot;134245418&quot;:true,&quot;134245529&quot;:true,&quot;335559738&quot;:299,&quot;335559739&quot;:299}\">\u00a0<\/span><\/h2>\n<p><span data-contrast=\"auto\">One of the most relevant moments was the official sponsorship by Importaco Nuts of the <\/span><b><i><span data-contrast=\"auto\">Welcome Cocktail<\/span><\/i><\/b><span data-contrast=\"auto\">, the opening event at the congress. This strategic action positioned our brand across all physical and digital graphic platforms, generating <\/span><b><span data-contrast=\"auto\">significant visibility among global leaders in the nut industry<\/span><\/b><span data-contrast=\"auto\">.<\/span><span data-ccp-props=\"{&quot;335559738&quot;:240,&quot;335559739&quot;:240}\">\u00a0<\/span><\/p>\n<p><img loading=\"lazy\" decoding=\"async\" class=\"aligncenter wp-image-4409 size-full\" src=\"https:\/\/importaco.com\/wp-content\/uploads\/2025\/05\/INC-2025-28-2.jpg\" alt=\"\" width=\"2560\" height=\"2560\" srcset=\"https:\/\/importaco.com\/wp-content\/uploads\/2025\/05\/INC-2025-28-2.jpg 2560w, https:\/\/importaco.com\/wp-content\/uploads\/2025\/05\/INC-2025-28-2-300x300.jpg 300w, https:\/\/importaco.com\/wp-content\/uploads\/2025\/05\/INC-2025-28-2-1024x1024.jpg 1024w, https:\/\/importaco.com\/wp-content\/uploads\/2025\/05\/INC-2025-28-2-150x150.jpg 150w, https:\/\/importaco.com\/wp-content\/uploads\/2025\/05\/INC-2025-28-2-768x768.jpg 768w, https:\/\/importaco.com\/wp-content\/uploads\/2025\/05\/INC-2025-28-2-1536x1536.jpg 1536w, https:\/\/importaco.com\/wp-content\/uploads\/2025\/05\/INC-2025-28-2-2048x2048.jpg 2048w, https:\/\/importaco.com\/wp-content\/uploads\/2025\/05\/INC-2025-28-2-1080x1080.jpg 1080w\" sizes=\"(max-width: 2560px) 100vw, 2560px\" \/><\/p>\n<h2 aria-level=\"2\"><b><span data-contrast=\"auto\">Active participation in round tables: technical and commercial vision<\/span><\/b><span data-ccp-props=\"{&quot;134245418&quot;:true,&quot;134245529&quot;:true,&quot;335559738&quot;:299,&quot;335559739&quot;:299}\">\u00a0<\/span><\/h2>\n<p><span data-contrast=\"auto\">Importaco Nuts was also a prominent part of the program through the participation of two of its experts:<\/span><span data-ccp-props=\"{&quot;335559738&quot;:240,&quot;335559739&quot;:240}\">\u00a0<\/span><\/p>\n<p><b><span data-contrast=\"auto\">Helena Solana <\/span><\/b><span data-contrast=\"auto\">took part in the round table about the <\/span><b><span data-contrast=\"auto\">pistachio <\/span><\/b><span data-contrast=\"auto\">market, where she analyzed crop evolution, international logistic challenges and emerging commercial opportunities.<\/span><span data-ccp-props=\"{&quot;335559738&quot;:240,&quot;335559739&quot;:240}\">\u00a0<\/span><\/p>\n<p><img loading=\"lazy\" decoding=\"async\" class=\"aligncenter wp-image-4421 size-full\" src=\"https:\/\/importaco.com\/wp-content\/uploads\/2025\/05\/INC-2025-52.jpg\" alt=\"INC Imp\" width=\"2560\" height=\"1709\" srcset=\"https:\/\/importaco.com\/wp-content\/uploads\/2025\/05\/INC-2025-52.jpg 2560w, https:\/\/importaco.com\/wp-content\/uploads\/2025\/05\/INC-2025-52-300x200.jpg 300w, https:\/\/importaco.com\/wp-content\/uploads\/2025\/05\/INC-2025-52-1024x684.jpg 1024w, https:\/\/importaco.com\/wp-content\/uploads\/2025\/05\/INC-2025-52-768x513.jpg 768w, https:\/\/importaco.com\/wp-content\/uploads\/2025\/05\/INC-2025-52-1536x1025.jpg 1536w, https:\/\/importaco.com\/wp-content\/uploads\/2025\/05\/INC-2025-52-2048x1367.jpg 2048w, https:\/\/importaco.com\/wp-content\/uploads\/2025\/05\/INC-2025-52-1618x1080.jpg 1618w\" sizes=\"(max-width: 2560px) 100vw, 2560px\" \/><\/p>\n<p><b><span data-contrast=\"auto\">Riccardo Calcagni <\/span><\/b><span data-contrast=\"auto\">participated in the panel dedicated to <\/span><b><span data-contrast=\"auto\">hazelnuts<\/span><\/b><span data-contrast=\"auto\">, sharing our experience in traceability, agricultural sustainability and new consumption patterns in Europe and Asia.<\/span><span data-ccp-props=\"{&quot;335559738&quot;:240,&quot;335559739&quot;:240}\">\u00a0<\/span><\/p>\n<p><img loading=\"lazy\" decoding=\"async\" class=\"aligncenter wp-image-4417 size-full\" src=\"https:\/\/importaco.com\/wp-content\/uploads\/2025\/05\/INC-2025-7-1.jpg\" alt=\"INC im\" width=\"2560\" height=\"1709\" srcset=\"https:\/\/importaco.com\/wp-content\/uploads\/2025\/05\/INC-2025-7-1.jpg 2560w, https:\/\/importaco.com\/wp-content\/uploads\/2025\/05\/INC-2025-7-1-300x200.jpg 300w, https:\/\/importaco.com\/wp-content\/uploads\/2025\/05\/INC-2025-7-1-1024x684.jpg 1024w, https:\/\/importaco.com\/wp-content\/uploads\/2025\/05\/INC-2025-7-1-768x513.jpg 768w, https:\/\/importaco.com\/wp-content\/uploads\/2025\/05\/INC-2025-7-1-1536x1025.jpg 1536w, https:\/\/importaco.com\/wp-content\/uploads\/2025\/05\/INC-2025-7-1-2048x1367.jpg 2048w, https:\/\/importaco.com\/wp-content\/uploads\/2025\/05\/INC-2025-7-1-1618x1080.jpg 1618w\" sizes=\"(max-width: 2560px) 100vw, 2560px\" \/><\/p>\n<h2 aria-level=\"2\"><b><span data-contrast=\"auto\">Strategic alliances and networking with key players in the industry<\/span><\/b><span data-ccp-props=\"{&quot;134245418&quot;:true,&quot;134245529&quot;:true,&quot;335559738&quot;:299,&quot;335559739&quot;:299}\">\u00a0<\/span><\/h2>\n<p><span data-contrast=\"auto\">During the three-day event, the Importaco Nuts team presented our <\/span><b><span data-contrast=\"auto\">commercial and logistical proposals <\/span><\/b><span data-contrast=\"auto\">to customers, suppliers and potential strategic partners. These meetings allowed us to generate new business opportunities and strengthen key relationships with influential players in the <\/span><b><span data-contrast=\"auto\">global nut industry<\/span><\/b><span data-contrast=\"auto\">.<\/span><span data-ccp-props=\"{&quot;335559738&quot;:240,&quot;335559739&quot;:240}\">\u00a0<\/span><\/p>\n<p><img loading=\"lazy\" decoding=\"async\" class=\"aligncenter wp-image-4425 size-full\" src=\"https:\/\/importaco.com\/wp-content\/uploads\/2025\/05\/INC-2025-68.jpeg\" alt=\"INC Importaco\" width=\"2560\" height=\"1949\" srcset=\"https:\/\/importaco.com\/wp-content\/uploads\/2025\/05\/INC-2025-68.jpeg 2560w, https:\/\/importaco.com\/wp-content\/uploads\/2025\/05\/INC-2025-68-300x228.jpeg 300w, https:\/\/importaco.com\/wp-content\/uploads\/2025\/05\/INC-2025-68-1024x780.jpeg 1024w, https:\/\/importaco.com\/wp-content\/uploads\/2025\/05\/INC-2025-68-768x585.jpeg 768w, https:\/\/importaco.com\/wp-content\/uploads\/2025\/05\/INC-2025-68-1536x1169.jpeg 1536w, https:\/\/importaco.com\/wp-content\/uploads\/2025\/05\/INC-2025-68-2048x1559.jpeg 2048w, https:\/\/importaco.com\/wp-content\/uploads\/2025\/05\/INC-2025-68-1419x1080.jpeg 1419w\" sizes=\"(max-width: 2560px) 100vw, 2560px\" \/><\/p>\n<h2 aria-level=\"2\"><b><span data-contrast=\"auto\">Conclusions of the congress: market intelligence and the future of the sector<\/span><\/b><span data-ccp-props=\"{&quot;134245418&quot;:true,&quot;134245529&quot;:true,&quot;335559738&quot;:299,&quot;335559739&quot;:299}\">\u00a0<\/span><\/h2>\n<p><span data-contrast=\"auto\">The congress was an excellent source of knowledge on the current state of the nut market, as well as perspectives on <\/span><b><span data-contrast=\"auto\">innovation, sustainability and international regulation<\/span><\/b><span data-contrast=\"auto\">. This information is essential for aligning our business strategies and consolidating a model based on <\/span><b><span data-contrast=\"auto\">quality, resilience and sustainable development<\/span><\/b><span data-contrast=\"auto\">.<\/span><span data-ccp-props=\"{&quot;335559738&quot;:240,&quot;335559739&quot;:240}\">\u00a0<\/span><\/p>\n<h2 aria-level=\"2\"><b><span data-contrast=\"auto\">Macau 2026: the next stop on the international calendar<\/span><\/b><span data-ccp-props=\"{&quot;134245418&quot;:true,&quot;134245529&quot;:true,&quot;335559738&quot;:299,&quot;335559739&quot;:299}\">\u00a0<\/span><\/h2>\n<p><span data-contrast=\"auto\">Importaco Nuts would like to thank the <\/span><b><span data-contrast=\"auto\">International Nut and Dried Fruit Council (INC) <\/span><\/b><span data-contrast=\"auto\">for<\/span> <span data-contrast=\"auto\">the impeccable organization of the event and for its continuous commitment to the promotion of the sector.<\/span><span data-ccp-props=\"{&quot;335559738&quot;:240,&quot;335559739&quot;:240}\">\u00a0<\/span><\/p>\n<p><span data-contrast=\"auto\">We are already looking forward to the next edition of the congress, which will be held in <\/span><b><span data-contrast=\"auto\">Macau in May 2026<\/span><\/b><span data-contrast=\"auto\">, a new opportunity to continue to connect, learn and lead through excellence.<\/span><span data-ccp-props=\"{&quot;335559738&quot;:240,&quot;335559739&quot;:240}\">\u00a0<\/span><\/p>\n","protected":false},"excerpt":{"rendered":"<p>From May 8 to 10, 2025, Importaco Nuts participated in the INC World Nut and Dried Fruit Congress, the most\u2026<\/p>\n","protected":false},"author":8,"featured_media":4385,"comment_status":"open","ping_status":"closed","sticky":false,"template":"","format":"standard","meta":{"_acf_changed":false,"inline_featured_image":false,"footnotes":""},"categories":[1],"acf":[],"yoast_head":"<!-- This site is optimized with the Yoast SEO plugin v23.5 - https:\/\/yoast.com\/wordpress\/plugins\/seo\/ -->\n<title>Importaco Nuts strengthens its global leadership at the International Nut and Dried Fruit Council 2025 World Congress in Majorca - Importaco<\/title>\n<meta name=\"description\" content=\"From May 8 to 10, 2025, Importaco Nuts participated in the INC World Nut and Dried Fruit Congress, the most important international congress in the nuts and dried fruit sector, held at the Palma Convention Center in Mallorca.\" \/>\n<meta name=\"robots\" content=\"index, follow, max-snippet:-1, max-image-preview:large, max-video-preview:-1\" \/>\n<link rel=\"canonical\" href=\"https:\/\/importaco.com\/en\/importaco-nuts-strengthens-its-global-leadership-at-the-international-nut-and-dried-fruit-council-2025-world-congress-in-majorca\/\" \/>\n<meta property=\"og:locale\" content=\"en_US\" \/>\n<meta property=\"og:type\" content=\"article\" \/>\n<meta property=\"og:title\" content=\"Importaco Nuts strengthens its global leadership at the International Nut and Dried Fruit Council 2025 World Congress in Majorca - Importaco\" \/>\n<meta property=\"og:description\" content=\"From May 8 to 10, 2025, Importaco Nuts participated in the INC World Nut and Dried Fruit Congress, the most important international congress in the nuts and dried fruit sector, held at the Palma Convention Center in Mallorca.\" \/>\n<meta property=\"og:url\" content=\"https:\/\/importaco.com\/en\/importaco-nuts-strengthens-its-global-leadership-at-the-international-nut-and-dried-fruit-council-2025-world-congress-in-majorca\/\" \/>\n<meta property=\"og:site_name\" content=\"Importaco\" \/>\n<meta property=\"article:published_time\" content=\"2025-05-26T21:42:43+00:00\" \/>\n<meta property=\"article:modified_time\" content=\"2025-05-26T21:44:14+00:00\" \/>\n<meta property=\"og:image\" content=\"https:\/\/importaco.com\/wp-content\/uploads\/2025\/05\/INC-2025-60.jpg\" \/>\n\t<meta property=\"og:image:width\" content=\"1200\" \/>\n\t<meta property=\"og:image:height\" content=\"1200\" \/>\n\t<meta property=\"og:image:type\" content=\"image\/jpeg\" \/>\n<meta name=\"author\" content=\"Pablo Hern\u00e1ndez\" \/>\n<meta name=\"twitter:card\" content=\"summary_large_image\" \/>\n<meta name=\"twitter:label1\" content=\"Written by\" \/>\n\t<meta name=\"twitter:data1\" content=\"Pablo Hern\u00e1ndez\" \/>\n\t<meta name=\"twitter:label2\" content=\"Est. reading time\" \/>\n\t<meta name=\"twitter:data2\" content=\"4 minutes\" \/>\n<script type=\"application\/ld+json\" class=\"yoast-schema-graph\">{\"@context\":\"https:\/\/schema.org\",\"@graph\":[{\"@type\":\"WebPage\",\"@id\":\"https:\/\/importaco.com\/en\/importaco-nuts-strengthens-its-global-leadership-at-the-international-nut-and-dried-fruit-council-2025-world-congress-in-majorca\/\",\"url\":\"https:\/\/importaco.com\/en\/importaco-nuts-strengthens-its-global-leadership-at-the-international-nut-and-dried-fruit-council-2025-world-congress-in-majorca\/\",\"name\":\"Importaco Nuts strengthens its global leadership at the International Nut and Dried Fruit Council 2025 World Congress in Majorca - Importaco\",\"isPartOf\":{\"@id\":\"https:\/\/importaco.com\/#website\"},\"primaryImageOfPage\":{\"@id\":\"https:\/\/importaco.com\/en\/importaco-nuts-strengthens-its-global-leadership-at-the-international-nut-and-dried-fruit-council-2025-world-congress-in-majorca\/#primaryimage\"},\"image\":{\"@id\":\"https:\/\/importaco.com\/en\/importaco-nuts-strengthens-its-global-leadership-at-the-international-nut-and-dried-fruit-council-2025-world-congress-in-majorca\/#primaryimage\"},\"thumbnailUrl\":\"https:\/\/importaco.com\/wp-content\/uploads\/2025\/05\/INC-2025-60.jpg\",\"datePublished\":\"2025-05-26T21:42:43+00:00\",\"dateModified\":\"2025-05-26T21:44:14+00:00\",\"author\":{\"@id\":\"https:\/\/importaco.com\/#\/schema\/person\/bb4d5ae65c5a5000c16b52737dee5e03\"},\"description\":\"From May 8 to 10, 2025, Importaco Nuts participated in the INC World Nut and Dried Fruit Congress, the most important international congress in the nuts and dried fruit sector, held at the Palma Convention Center in Mallorca.\",\"breadcrumb\":{\"@id\":\"https:\/\/importaco.com\/en\/importaco-nuts-strengthens-its-global-leadership-at-the-international-nut-and-dried-fruit-council-2025-world-congress-in-majorca\/#breadcrumb\"},\"inLanguage\":\"en-US\",\"potentialAction\":[{\"@type\":\"ReadAction\",\"target\":[\"https:\/\/importaco.com\/en\/importaco-nuts-strengthens-its-global-leadership-at-the-international-nut-and-dried-fruit-council-2025-world-congress-in-majorca\/\"]}]},{\"@type\":\"ImageObject\",\"inLanguage\":\"en-US\",\"@id\":\"https:\/\/importaco.com\/en\/importaco-nuts-strengthens-its-global-leadership-at-the-international-nut-and-dried-fruit-council-2025-world-congress-in-majorca\/#primaryimage\",\"url\":\"https:\/\/importaco.com\/wp-content\/uploads\/2025\/05\/INC-2025-60.jpg\",\"contentUrl\":\"https:\/\/importaco.com\/wp-content\/uploads\/2025\/05\/INC-2025-60.jpg\",\"width\":1200,\"height\":1200,\"caption\":\"INC Importaco\"},{\"@type\":\"BreadcrumbList\",\"@id\":\"https:\/\/importaco.com\/en\/importaco-nuts-strengthens-its-global-leadership-at-the-international-nut-and-dried-fruit-council-2025-world-congress-in-majorca\/#breadcrumb\",\"itemListElement\":[{\"@type\":\"ListItem\",\"position\":1,\"name\":\"Portada\",\"item\":\"https:\/\/importaco.com\/en\/\"},{\"@type\":\"ListItem\",\"position\":2,\"name\":\"Importaco Nuts strengthens its global leadership at the International Nut and Dried Fruit Council 2025 World Congress in Majorca\"}]},{\"@type\":\"WebSite\",\"@id\":\"https:\/\/importaco.com\/#website\",\"url\":\"https:\/\/importaco.com\/\",\"name\":\"Importaco\",\"description\":\"Importaco, fundada en 1940, es una compa\u00f1\u00eda l\u00edder en la industria de alimentaci\u00f3n y bebidas, especializada en la comercializaci\u00f3n de frutos secos y agua mineral.\",\"potentialAction\":[{\"@type\":\"SearchAction\",\"target\":{\"@type\":\"EntryPoint\",\"urlTemplate\":\"https:\/\/importaco.com\/?s={search_term_string}\"},\"query-input\":{\"@type\":\"PropertyValueSpecification\",\"valueRequired\":true,\"valueName\":\"search_term_string\"}}],\"inLanguage\":\"en-US\"},{\"@type\":\"Person\",\"@id\":\"https:\/\/importaco.com\/#\/schema\/person\/bb4d5ae65c5a5000c16b52737dee5e03\",\"name\":\"Pablo Hern\u00e1ndez\",\"image\":{\"@type\":\"ImageObject\",\"inLanguage\":\"en-US\",\"@id\":\"https:\/\/importaco.com\/#\/schema\/person\/image\/\",\"url\":\"https:\/\/secure.gravatar.com\/avatar\/82bf99039745f6f48c3a4ca5f4c7200d?s=96&d=mm&r=g\",\"contentUrl\":\"https:\/\/secure.gravatar.com\/avatar\/82bf99039745f6f48c3a4ca5f4c7200d?s=96&d=mm&r=g\",\"caption\":\"Pablo Hern\u00e1ndez\"},\"url\":\"https:\/\/importaco.com\/en\/author\/pablo\/\"}]}<\/script>\n<!-- \/ Yoast SEO plugin. -->","yoast_head_json":{"title":"Importaco Nuts strengthens its global leadership at the International Nut and Dried Fruit Council 2025 World Congress in Majorca - Importaco","description":"From May 8 to 10, 2025, Importaco Nuts participated in the INC World Nut and Dried Fruit Congress, the most important international congress in the nuts and dried fruit sector, held at the Palma Convention Center in Mallorca.","robots":{"index":"index","follow":"follow","max-snippet":"max-snippet:-1","max-image-preview":"max-image-preview:large","max-video-preview":"max-video-preview:-1"},"canonical":"https:\/\/importaco.com\/en\/importaco-nuts-strengthens-its-global-leadership-at-the-international-nut-and-dried-fruit-council-2025-world-congress-in-majorca\/","og_locale":"en_US","og_type":"article","og_title":"Importaco Nuts strengthens its global leadership at the International Nut and Dried Fruit Council 2025 World Congress in Majorca - Importaco","og_description":"From May 8 to 10, 2025, Importaco Nuts participated in the INC World Nut and Dried Fruit Congress, the most important international congress in the nuts and dried fruit sector, held at the Palma Convention Center in Mallorca.","og_url":"https:\/\/importaco.com\/en\/importaco-nuts-strengthens-its-global-leadership-at-the-international-nut-and-dried-fruit-council-2025-world-congress-in-majorca\/","og_site_name":"Importaco","article_published_time":"2025-05-26T21:42:43+00:00","article_modified_time":"2025-05-26T21:44:14+00:00","og_image":[{"width":1200,"height":1200,"url":"https:\/\/importaco.com\/wp-content\/uploads\/2025\/05\/INC-2025-60.jpg","type":"image\/jpeg"}],"author":"Pablo Hern\u00e1ndez","twitter_card":"summary_large_image","twitter_misc":{"Written by":"Pablo Hern\u00e1ndez","Est. reading time":"4 minutes"},"schema":{"@context":"https:\/\/schema.org","@graph":[{"@type":"WebPage","@id":"https:\/\/importaco.com\/en\/importaco-nuts-strengthens-its-global-leadership-at-the-international-nut-and-dried-fruit-council-2025-world-congress-in-majorca\/","url":"https:\/\/importaco.com\/en\/importaco-nuts-strengthens-its-global-leadership-at-the-international-nut-and-dried-fruit-council-2025-world-congress-in-majorca\/","name":"Importaco Nuts strengthens its global leadership at the International Nut and Dried Fruit Council 2025 World Congress in Majorca - Importaco","isPartOf":{"@id":"https:\/\/importaco.com\/#website"},"primaryImageOfPage":{"@id":"https:\/\/importaco.com\/en\/importaco-nuts-strengthens-its-global-leadership-at-the-international-nut-and-dried-fruit-council-2025-world-congress-in-majorca\/#primaryimage"},"image":{"@id":"https:\/\/importaco.com\/en\/importaco-nuts-strengthens-its-global-leadership-at-the-international-nut-and-dried-fruit-council-2025-world-congress-in-majorca\/#primaryimage"},"thumbnailUrl":"https:\/\/importaco.com\/wp-content\/uploads\/2025\/05\/INC-2025-60.jpg","datePublished":"2025-05-26T21:42:43+00:00","dateModified":"2025-05-26T21:44:14+00:00","author":{"@id":"https:\/\/importaco.com\/#\/schema\/person\/bb4d5ae65c5a5000c16b52737dee5e03"},"description":"From May 8 to 10, 2025, Importaco Nuts participated in the INC World Nut and Dried Fruit Congress, the most important international congress in the nuts and dried fruit sector, held at the Palma Convention Center in Mallorca.","breadcrumb":{"@id":"https:\/\/importaco.com\/en\/importaco-nuts-strengthens-its-global-leadership-at-the-international-nut-and-dried-fruit-council-2025-world-congress-in-majorca\/#breadcrumb"},"inLanguage":"en-US","potentialAction":[{"@type":"ReadAction","target":["https:\/\/importaco.com\/en\/importaco-nuts-strengthens-its-global-leadership-at-the-international-nut-and-dried-fruit-council-2025-world-congress-in-majorca\/"]}]},{"@type":"ImageObject","inLanguage":"en-US","@id":"https:\/\/importaco.com\/en\/importaco-nuts-strengthens-its-global-leadership-at-the-international-nut-and-dried-fruit-council-2025-world-congress-in-majorca\/#primaryimage","url":"https:\/\/importaco.com\/wp-content\/uploads\/2025\/05\/INC-2025-60.jpg","contentUrl":"https:\/\/importaco.com\/wp-content\/uploads\/2025\/05\/INC-2025-60.jpg","width":1200,"height":1200,"caption":"INC Importaco"},{"@type":"BreadcrumbList","@id":"https:\/\/importaco.com\/en\/importaco-nuts-strengthens-its-global-leadership-at-the-international-nut-and-dried-fruit-council-2025-world-congress-in-majorca\/#breadcrumb","itemListElement":[{"@type":"ListItem","position":1,"name":"Portada","item":"https:\/\/importaco.com\/en\/"},{"@type":"ListItem","position":2,"name":"Importaco Nuts strengthens its global leadership at the International Nut and Dried Fruit Council 2025 World Congress in Majorca"}]},{"@type":"WebSite","@id":"https:\/\/importaco.com\/#website","url":"https:\/\/importaco.com\/","name":"Importaco","description":"Importaco, fundada en 1940, es una compa\u00f1\u00eda l\u00edder en la industria de alimentaci\u00f3n y bebidas, especializada en la comercializaci\u00f3n de frutos secos y agua mineral.","potentialAction":[{"@type":"SearchAction","target":{"@type":"EntryPoint","urlTemplate":"https:\/\/importaco.com\/?s={search_term_string}"},"query-input":{"@type":"PropertyValueSpecification","valueRequired":true,"valueName":"search_term_string"}}],"inLanguage":"en-US"},{"@type":"Person","@id":"https:\/\/importaco.com\/#\/schema\/person\/bb4d5ae65c5a5000c16b52737dee5e03","name":"Pablo Hern\u00e1ndez","image":{"@type":"ImageObject","inLanguage":"en-US","@id":"https:\/\/importaco.com\/#\/schema\/person\/image\/","url":"https:\/\/secure.gravatar.com\/avatar\/82bf99039745f6f48c3a4ca5f4c7200d?s=96&d=mm&r=g","contentUrl":"https:\/\/secure.gravatar.com\/avatar\/82bf99039745f6f48c3a4ca5f4c7200d?s=96&d=mm&r=g","caption":"Pablo Hern\u00e1ndez"},"url":"https:\/\/importaco.com\/en\/author\/pablo\/"}]}},"_links":{"self":[{"href":"https:\/\/importaco.com\/en\/wp-json\/wp\/v2\/posts\/4431"}],"collection":[{"href":"https:\/\/importaco.com\/en\/wp-json\/wp\/v2\/posts"}],"about":[{"href":"https:\/\/importaco.com\/en\/wp-json\/wp\/v2\/types\/post"}],"author":[{"embeddable":true,"href":"https:\/\/importaco.com\/en\/wp-json\/wp\/v2\/users\/8"}],"replies":[{"embeddable":true,"href":"https:\/\/importaco.com\/en\/wp-json\/wp\/v2\/comments?post=4431"}],"version-history":[{"count":2,"href":"https:\/\/importaco.com\/en\/wp-json\/wp\/v2\/posts\/4431\/revisions"}],"predecessor-version":[{"id":4433,"href":"https:\/\/importaco.com\/en\/wp-json\/wp\/v2\/posts\/4431\/revisions\/4433"}],"wp:featuredmedia":[{"embeddable":true,"href":"https:\/\/importaco.com\/en\/wp-json\/wp\/v2\/media\/4385"}],"wp:attachment":[{"href":"https:\/\/importaco.com\/en\/wp-json\/wp\/v2\/media?parent=4431"}],"wp:term":[{"taxonomy":"category","embeddable":true,"href":"https:\/\/importaco.com\/en\/wp-json\/wp\/v2\/categories?post=4431"}],"curies":[{"name":"wp","href":"https:\/\/api.w.org\/{rel}","templated":true}]}}