{"id":4462,"date":"2025-05-29T07:28:26","date_gmt":"2025-05-29T07:28:26","guid":{"rendered":"https:\/\/importaco.com\/?p=4462"},"modified":"2025-05-29T07:28:26","modified_gmt":"2025-05-29T07:28:26","slug":"world-nutrition-day-importacos-commitment-to-healthy-and-sustainable-nutrition","status":"publish","type":"post","link":"https:\/\/importaco.com\/en\/world-nutrition-day-importacos-commitment-to-healthy-and-sustainable-nutrition\/","title":{"rendered":"World Nutrition Day: Importaco&#8217;s commitment to healthy and sustainable nutrition"},"content":{"rendered":"<p>World Nutrition Day is celebrated every May 28, a day promoted by organizations such as the <a href=\"https:\/\/www.fesnad.org\/\">Spanish Federation of Nutrition, Food and Dietetics Societies<\/a> (FESNAD) and supported by the <a href=\"https:\/\/www.who.int\/\">World Health Organization<\/a>, which aims to raise awareness of the importance of adopting healthy eating habits to improve quality of life and prevent disease.<\/p>\n<p>In a global context where health and sustainability are becoming more closely linked, at <strong>Importaco<\/strong> we want to renew our commitment to <strong>balanced, responsible nutrition based on scientific evidence<\/strong>. We believe that food is essential for taking care of people and the planet, and we work every day to develop products that are aligned with this purpose.<\/p>\n<p><img loading=\"lazy\" decoding=\"async\" class=\"aligncenter wp-image-4444 size-full\" src=\"https:\/\/importaco.com\/wp-content\/uploads\/2025\/05\/15_13_51_09A4764-1.jpg\" alt=\"Nutrici\u00f3n Importaco\" width=\"2048\" height=\"1366\" srcset=\"https:\/\/importaco.com\/wp-content\/uploads\/2025\/05\/15_13_51_09A4764-1.jpg 2048w, https:\/\/importaco.com\/wp-content\/uploads\/2025\/05\/15_13_51_09A4764-1-300x200.jpg 300w, https:\/\/importaco.com\/wp-content\/uploads\/2025\/05\/15_13_51_09A4764-1-1024x683.jpg 1024w, https:\/\/importaco.com\/wp-content\/uploads\/2025\/05\/15_13_51_09A4764-1-768x512.jpg 768w, https:\/\/importaco.com\/wp-content\/uploads\/2025\/05\/15_13_51_09A4764-1-1536x1025.jpg 1536w, https:\/\/importaco.com\/wp-content\/uploads\/2025\/05\/15_13_51_09A4764-1-1619x1080.jpg 1619w\" sizes=\"(max-width: 2048px) 100vw, 2048px\" \/><\/p>\n<h2>What is Importaco&#8217;s contribution to nutrition?<\/h2>\n<p>Our strategy for product development and our collaboration model with suppliers aim to <strong>guarantee the nutritional quality<\/strong> of everything we produce. These are some of the main pillars that make the difference:<\/p>\n<h3>1. Rigorous selection of raw materials<\/h3>\n<p>We work with farmers and producers committed to responsible and sustainable practices. This relationship allows us to<strong> ensure the traceability and nutritional value<\/strong> of the nuts, dried fruits and mineral water that are part of our offer.<\/p>\n<h3>2. Innovation in healthy eating<\/h3>\n<p>Our R&amp;D team collaborates with technology centers, universities and customers to develop products adapted to modern lifestyles. We promote alternatives that meet the needs of diets for certain intolerances, such as gluten, life choices, such as veganism, and pathologies such as diabetes,<strong> without compromising taste or quality<\/strong>.<\/p>\n<h3>3. Promotion of a balanced diet<\/h3>\n<p>At Importaco we encourage the moderate and conscious consumption of foods such as <a href=\"https:\/\/importaco.com\/en\/plant-based-diets-nuts-star-ingredient\/\">nuts<\/a>, which provide healthy fats, vegetable proteins, fiber and essential micronutrients. Various studies support their positive effect on cardiovascular health, glycemic control and the prevention of chronic diseases.<\/p>\n<p><img loading=\"lazy\" decoding=\"async\" class=\"aligncenter wp-image-4452 size-full\" src=\"https:\/\/importaco.com\/wp-content\/uploads\/2025\/05\/13_56_37_09A4344_resized.jpg\" alt=\"Nutrici\u00f3n Importaco\" width=\"2560\" height=\"1708\" srcset=\"https:\/\/importaco.com\/wp-content\/uploads\/2025\/05\/13_56_37_09A4344_resized.jpg 2560w, https:\/\/importaco.com\/wp-content\/uploads\/2025\/05\/13_56_37_09A4344_resized-300x200.jpg 300w, https:\/\/importaco.com\/wp-content\/uploads\/2025\/05\/13_56_37_09A4344_resized-1024x683.jpg 1024w, https:\/\/importaco.com\/wp-content\/uploads\/2025\/05\/13_56_37_09A4344_resized-768x512.jpg 768w, https:\/\/importaco.com\/wp-content\/uploads\/2025\/05\/13_56_37_09A4344_resized-1536x1025.jpg 1536w, https:\/\/importaco.com\/wp-content\/uploads\/2025\/05\/13_56_37_09A4344_resized-2048x1366.jpg 2048w, https:\/\/importaco.com\/wp-content\/uploads\/2025\/05\/13_56_37_09A4344_resized-1619x1080.jpg 1619w\" sizes=\"(max-width: 2560px) 100vw, 2560px\" \/><\/p>\n<h2>Nutrition and sustainability: a necessary connection<\/h2>\n<p>In line with the <strong>Sustainable Development Goals<\/strong>, our approach goes beyond the final product. We are committed to <strong>an efficient and <a href=\"https:\/\/importaco.com\/en\/planet\/\">environmentally friendly<\/a> value chain<\/strong>, reducing our water footprint, promoting responsible farming and minimizing waste throughout the production process.<\/p>\n<p>Because <strong>good nutrition is not only good for people, it is also good for the planet.<\/strong><\/p>\n<h2>Our commitment continues<\/h2>\n<p>This <strong>World Nutrition Day<\/strong>, we would like to thank all the people who are part of Importaco and who help make our mission possible: <strong>to offer food that improves the consumer&#8217;s wellbeing and promotes a healthier and more sustainable future.<\/strong><\/p>\n<p>We will continue to make progress in research, education and development so that more and more people can have access to quality nutrition.<\/p>\n<p><img loading=\"lazy\" decoding=\"async\" class=\"aligncenter wp-image-4448 size-full\" src=\"https:\/\/importaco.com\/wp-content\/uploads\/2025\/05\/13_36_50_09A4220.jpg\" alt=\"Nutrici\u00f3n Importaco\" width=\"2048\" height=\"1366\" srcset=\"https:\/\/importaco.com\/wp-content\/uploads\/2025\/05\/13_36_50_09A4220.jpg 2048w, https:\/\/importaco.com\/wp-content\/uploads\/2025\/05\/13_36_50_09A4220-300x200.jpg 300w, https:\/\/importaco.com\/wp-content\/uploads\/2025\/05\/13_36_50_09A4220-1024x683.jpg 1024w, https:\/\/importaco.com\/wp-content\/uploads\/2025\/05\/13_36_50_09A4220-768x512.jpg 768w, https:\/\/importaco.com\/wp-content\/uploads\/2025\/05\/13_36_50_09A4220-1536x1025.jpg 1536w, https:\/\/importaco.com\/wp-content\/uploads\/2025\/05\/13_36_50_09A4220-1619x1080.jpg 1619w\" sizes=\"(max-width: 2048px) 100vw, 2048px\" \/><\/p>\n<p>&nbsp;<\/p>\n","protected":false},"excerpt":{"rendered":"<p>World Nutrition Day is celebrated every May 28, a day promoted by organizations such as the Spanish Federation of Nutrition,\u2026<\/p>\n","protected":false},"author":8,"featured_media":4436,"comment_status":"open","ping_status":"closed","sticky":false,"template":"","format":"standard","meta":{"_acf_changed":false,"inline_featured_image":false,"footnotes":""},"categories":[1],"acf":[],"yoast_head":"<!-- This site is optimized with the Yoast SEO plugin v23.5 - https:\/\/yoast.com\/wordpress\/plugins\/seo\/ -->\n<title>World Nutrition Day: Importaco&#039;s commitment to healthy and sustainable nutrition - Importaco<\/title>\n<meta name=\"robots\" content=\"index, follow, max-snippet:-1, max-image-preview:large, max-video-preview:-1\" \/>\n<link rel=\"canonical\" href=\"https:\/\/importaco.com\/en\/world-nutrition-day-importacos-commitment-to-healthy-and-sustainable-nutrition\/\" \/>\n<meta property=\"og:locale\" content=\"en_US\" \/>\n<meta property=\"og:type\" content=\"article\" \/>\n<meta property=\"og:title\" content=\"World Nutrition Day: Importaco&#039;s commitment to healthy and sustainable nutrition - Importaco\" \/>\n<meta property=\"og:description\" content=\"World Nutrition Day is celebrated every May 28, a day promoted by organizations such as the Spanish Federation of Nutrition,\u2026\" \/>\n<meta property=\"og:url\" content=\"https:\/\/importaco.com\/en\/world-nutrition-day-importacos-commitment-to-healthy-and-sustainable-nutrition\/\" \/>\n<meta property=\"og:site_name\" content=\"Importaco\" \/>\n<meta property=\"article:published_time\" content=\"2025-05-29T07:28:26+00:00\" \/>\n<meta property=\"og:image\" content=\"https:\/\/importaco.com\/wp-content\/uploads\/2025\/05\/14_25_37_09A4534-scaled.jpg\" \/>\n\t<meta property=\"og:image:width\" content=\"2560\" \/>\n\t<meta property=\"og:image:height\" content=\"1708\" \/>\n\t<meta property=\"og:image:type\" content=\"image\/jpeg\" \/>\n<meta name=\"author\" content=\"Pablo Hern\u00e1ndez\" \/>\n<meta name=\"twitter:card\" content=\"summary_large_image\" \/>\n<meta name=\"twitter:label1\" content=\"Written by\" \/>\n\t<meta name=\"twitter:data1\" content=\"Pablo Hern\u00e1ndez\" \/>\n\t<meta name=\"twitter:label2\" content=\"Est. reading time\" \/>\n\t<meta name=\"twitter:data2\" content=\"3 minutes\" \/>\n<script type=\"application\/ld+json\" class=\"yoast-schema-graph\">{\"@context\":\"https:\/\/schema.org\",\"@graph\":[{\"@type\":\"WebPage\",\"@id\":\"https:\/\/importaco.com\/en\/world-nutrition-day-importacos-commitment-to-healthy-and-sustainable-nutrition\/\",\"url\":\"https:\/\/importaco.com\/en\/world-nutrition-day-importacos-commitment-to-healthy-and-sustainable-nutrition\/\",\"name\":\"World Nutrition Day: Importaco's commitment to healthy and sustainable nutrition - Importaco\",\"isPartOf\":{\"@id\":\"https:\/\/importaco.com\/#website\"},\"primaryImageOfPage\":{\"@id\":\"https:\/\/importaco.com\/en\/world-nutrition-day-importacos-commitment-to-healthy-and-sustainable-nutrition\/#primaryimage\"},\"image\":{\"@id\":\"https:\/\/importaco.com\/en\/world-nutrition-day-importacos-commitment-to-healthy-and-sustainable-nutrition\/#primaryimage\"},\"thumbnailUrl\":\"https:\/\/importaco.com\/wp-content\/uploads\/2025\/05\/14_25_37_09A4534-scaled.jpg\",\"datePublished\":\"2025-05-29T07:28:26+00:00\",\"dateModified\":\"2025-05-29T07:28:26+00:00\",\"author\":{\"@id\":\"https:\/\/importaco.com\/#\/schema\/person\/bb4d5ae65c5a5000c16b52737dee5e03\"},\"breadcrumb\":{\"@id\":\"https:\/\/importaco.com\/en\/world-nutrition-day-importacos-commitment-to-healthy-and-sustainable-nutrition\/#breadcrumb\"},\"inLanguage\":\"en-US\",\"potentialAction\":[{\"@type\":\"ReadAction\",\"target\":[\"https:\/\/importaco.com\/en\/world-nutrition-day-importacos-commitment-to-healthy-and-sustainable-nutrition\/\"]}]},{\"@type\":\"ImageObject\",\"inLanguage\":\"en-US\",\"@id\":\"https:\/\/importaco.com\/en\/world-nutrition-day-importacos-commitment-to-healthy-and-sustainable-nutrition\/#primaryimage\",\"url\":\"https:\/\/importaco.com\/wp-content\/uploads\/2025\/05\/14_25_37_09A4534-scaled.jpg\",\"contentUrl\":\"https:\/\/importaco.com\/wp-content\/uploads\/2025\/05\/14_25_37_09A4534-scaled.jpg\",\"width\":2560,\"height\":1708,\"caption\":\"Nutrici\u00f3n Importaco\"},{\"@type\":\"BreadcrumbList\",\"@id\":\"https:\/\/importaco.com\/en\/world-nutrition-day-importacos-commitment-to-healthy-and-sustainable-nutrition\/#breadcrumb\",\"itemListElement\":[{\"@type\":\"ListItem\",\"position\":1,\"name\":\"Portada\",\"item\":\"https:\/\/importaco.com\/en\/\"},{\"@type\":\"ListItem\",\"position\":2,\"name\":\"World Nutrition Day: Importaco&#8217;s commitment to healthy and sustainable nutrition\"}]},{\"@type\":\"WebSite\",\"@id\":\"https:\/\/importaco.com\/#website\",\"url\":\"https:\/\/importaco.com\/\",\"name\":\"Importaco\",\"description\":\"Importaco, fundada en 1940, es una compa\u00f1\u00eda l\u00edder en la industria de alimentaci\u00f3n y bebidas, especializada en la comercializaci\u00f3n de frutos secos y agua mineral.\",\"potentialAction\":[{\"@type\":\"SearchAction\",\"target\":{\"@type\":\"EntryPoint\",\"urlTemplate\":\"https:\/\/importaco.com\/?s={search_term_string}\"},\"query-input\":{\"@type\":\"PropertyValueSpecification\",\"valueRequired\":true,\"valueName\":\"search_term_string\"}}],\"inLanguage\":\"en-US\"},{\"@type\":\"Person\",\"@id\":\"https:\/\/importaco.com\/#\/schema\/person\/bb4d5ae65c5a5000c16b52737dee5e03\",\"name\":\"Pablo Hern\u00e1ndez\",\"image\":{\"@type\":\"ImageObject\",\"inLanguage\":\"en-US\",\"@id\":\"https:\/\/importaco.com\/#\/schema\/person\/image\/\",\"url\":\"https:\/\/secure.gravatar.com\/avatar\/82bf99039745f6f48c3a4ca5f4c7200d?s=96&d=mm&r=g\",\"contentUrl\":\"https:\/\/secure.gravatar.com\/avatar\/82bf99039745f6f48c3a4ca5f4c7200d?s=96&d=mm&r=g\",\"caption\":\"Pablo Hern\u00e1ndez\"},\"url\":\"https:\/\/importaco.com\/en\/author\/pablo\/\"}]}<\/script>\n<!-- \/ Yoast SEO plugin. -->","yoast_head_json":{"title":"World Nutrition Day: Importaco's commitment to healthy and sustainable nutrition - Importaco","robots":{"index":"index","follow":"follow","max-snippet":"max-snippet:-1","max-image-preview":"max-image-preview:large","max-video-preview":"max-video-preview:-1"},"canonical":"https:\/\/importaco.com\/en\/world-nutrition-day-importacos-commitment-to-healthy-and-sustainable-nutrition\/","og_locale":"en_US","og_type":"article","og_title":"World Nutrition Day: Importaco's commitment to healthy and sustainable nutrition - Importaco","og_description":"World Nutrition Day is celebrated every May 28, a day promoted by organizations such as the Spanish Federation of Nutrition,\u2026","og_url":"https:\/\/importaco.com\/en\/world-nutrition-day-importacos-commitment-to-healthy-and-sustainable-nutrition\/","og_site_name":"Importaco","article_published_time":"2025-05-29T07:28:26+00:00","og_image":[{"width":2560,"height":1708,"url":"https:\/\/importaco.com\/wp-content\/uploads\/2025\/05\/14_25_37_09A4534-scaled.jpg","type":"image\/jpeg"}],"author":"Pablo Hern\u00e1ndez","twitter_card":"summary_large_image","twitter_misc":{"Written by":"Pablo Hern\u00e1ndez","Est. reading time":"3 minutes"},"schema":{"@context":"https:\/\/schema.org","@graph":[{"@type":"WebPage","@id":"https:\/\/importaco.com\/en\/world-nutrition-day-importacos-commitment-to-healthy-and-sustainable-nutrition\/","url":"https:\/\/importaco.com\/en\/world-nutrition-day-importacos-commitment-to-healthy-and-sustainable-nutrition\/","name":"World Nutrition Day: Importaco's commitment to healthy and sustainable nutrition - Importaco","isPartOf":{"@id":"https:\/\/importaco.com\/#website"},"primaryImageOfPage":{"@id":"https:\/\/importaco.com\/en\/world-nutrition-day-importacos-commitment-to-healthy-and-sustainable-nutrition\/#primaryimage"},"image":{"@id":"https:\/\/importaco.com\/en\/world-nutrition-day-importacos-commitment-to-healthy-and-sustainable-nutrition\/#primaryimage"},"thumbnailUrl":"https:\/\/importaco.com\/wp-content\/uploads\/2025\/05\/14_25_37_09A4534-scaled.jpg","datePublished":"2025-05-29T07:28:26+00:00","dateModified":"2025-05-29T07:28:26+00:00","author":{"@id":"https:\/\/importaco.com\/#\/schema\/person\/bb4d5ae65c5a5000c16b52737dee5e03"},"breadcrumb":{"@id":"https:\/\/importaco.com\/en\/world-nutrition-day-importacos-commitment-to-healthy-and-sustainable-nutrition\/#breadcrumb"},"inLanguage":"en-US","potentialAction":[{"@type":"ReadAction","target":["https:\/\/importaco.com\/en\/world-nutrition-day-importacos-commitment-to-healthy-and-sustainable-nutrition\/"]}]},{"@type":"ImageObject","inLanguage":"en-US","@id":"https:\/\/importaco.com\/en\/world-nutrition-day-importacos-commitment-to-healthy-and-sustainable-nutrition\/#primaryimage","url":"https:\/\/importaco.com\/wp-content\/uploads\/2025\/05\/14_25_37_09A4534-scaled.jpg","contentUrl":"https:\/\/importaco.com\/wp-content\/uploads\/2025\/05\/14_25_37_09A4534-scaled.jpg","width":2560,"height":1708,"caption":"Nutrici\u00f3n Importaco"},{"@type":"BreadcrumbList","@id":"https:\/\/importaco.com\/en\/world-nutrition-day-importacos-commitment-to-healthy-and-sustainable-nutrition\/#breadcrumb","itemListElement":[{"@type":"ListItem","position":1,"name":"Portada","item":"https:\/\/importaco.com\/en\/"},{"@type":"ListItem","position":2,"name":"World Nutrition Day: Importaco&#8217;s commitment to healthy and sustainable nutrition"}]},{"@type":"WebSite","@id":"https:\/\/importaco.com\/#website","url":"https:\/\/importaco.com\/","name":"Importaco","description":"Importaco, fundada en 1940, es una compa\u00f1\u00eda l\u00edder en la industria de alimentaci\u00f3n y bebidas, especializada en la comercializaci\u00f3n de frutos secos y agua mineral.","potentialAction":[{"@type":"SearchAction","target":{"@type":"EntryPoint","urlTemplate":"https:\/\/importaco.com\/?s={search_term_string}"},"query-input":{"@type":"PropertyValueSpecification","valueRequired":true,"valueName":"search_term_string"}}],"inLanguage":"en-US"},{"@type":"Person","@id":"https:\/\/importaco.com\/#\/schema\/person\/bb4d5ae65c5a5000c16b52737dee5e03","name":"Pablo Hern\u00e1ndez","image":{"@type":"ImageObject","inLanguage":"en-US","@id":"https:\/\/importaco.com\/#\/schema\/person\/image\/","url":"https:\/\/secure.gravatar.com\/avatar\/82bf99039745f6f48c3a4ca5f4c7200d?s=96&d=mm&r=g","contentUrl":"https:\/\/secure.gravatar.com\/avatar\/82bf99039745f6f48c3a4ca5f4c7200d?s=96&d=mm&r=g","caption":"Pablo Hern\u00e1ndez"},"url":"https:\/\/importaco.com\/en\/author\/pablo\/"}]}},"_links":{"self":[{"href":"https:\/\/importaco.com\/en\/wp-json\/wp\/v2\/posts\/4462"}],"collection":[{"href":"https:\/\/importaco.com\/en\/wp-json\/wp\/v2\/posts"}],"about":[{"href":"https:\/\/importaco.com\/en\/wp-json\/wp\/v2\/types\/post"}],"author":[{"embeddable":true,"href":"https:\/\/importaco.com\/en\/wp-json\/wp\/v2\/users\/8"}],"replies":[{"embeddable":true,"href":"https:\/\/importaco.com\/en\/wp-json\/wp\/v2\/comments?post=4462"}],"version-history":[{"count":1,"href":"https:\/\/importaco.com\/en\/wp-json\/wp\/v2\/posts\/4462\/revisions"}],"predecessor-version":[{"id":4463,"href":"https:\/\/importaco.com\/en\/wp-json\/wp\/v2\/posts\/4462\/revisions\/4463"}],"wp:featuredmedia":[{"embeddable":true,"href":"https:\/\/importaco.com\/en\/wp-json\/wp\/v2\/media\/4436"}],"wp:attachment":[{"href":"https:\/\/importaco.com\/en\/wp-json\/wp\/v2\/media?parent=4462"}],"wp:term":[{"taxonomy":"category","embeddable":true,"href":"https:\/\/importaco.com\/en\/wp-json\/wp\/v2\/categories?post=4462"}],"curies":[{"name":"wp","href":"https:\/\/api.w.org\/{rel}","templated":true}]}}