{"id":5097,"date":"2025-10-17T11:29:38","date_gmt":"2025-10-17T11:29:38","guid":{"rendered":"https:\/\/importaco.com\/?p=5097"},"modified":"2025-10-17T11:37:43","modified_gmt":"2025-10-17T11:37:43","slug":"world-food-day-our-commitment-to-healthy-and-sustainable-nutrition","status":"publish","type":"post","link":"https:\/\/importaco.com\/en\/world-food-day-our-commitment-to-healthy-and-sustainable-nutrition\/","title":{"rendered":"World Food Day: Our Commitment to Healthy and Sustainable Nutrition"},"content":{"rendered":"<p><span data-contrast=\"auto\">World Food Day is celebrated on 16 October, an initiative led by the <a href=\"https:\/\/www.fao.org\/world-food-day\/home\/en\">FAO<\/a> to promote healthier, more sustainable and accessible food systems. Under this year\u2019s theme, \u201cWater is life, water is food. Leave no one behind,\u201d we are encouraged to act together to build a more balanced future for people and the planet.<\/span><span data-ccp-props=\"{&quot;134233117&quot;:false,&quot;134233118&quot;:false,&quot;335559738&quot;:240,&quot;335559739&quot;:240}\">\u00a0<\/span><\/p>\n<p><span data-contrast=\"auto\">At Importaco, a leading company in healthy food and beverages, we have shared this mission for more than 80 years. We work to offer natural products that contribute to people\u2019s well-being and to the preservation of natural resources.<\/span><span data-ccp-props=\"{&quot;134233117&quot;:false,&quot;134233118&quot;:false,&quot;335559738&quot;:240,&quot;335559739&quot;:240}\">\u00a0<\/span><\/p>\n<p>&nbsp;<\/p>\n<h2><b><span data-contrast=\"auto\">Nuts and Dried Fruits: Small Foods, Big Benefits<\/span><\/b><span data-ccp-props=\"{&quot;134233117&quot;:false,&quot;134233118&quot;:false,&quot;335559738&quot;:240,&quot;335559739&quot;:240}\">\u00a0<\/span><\/h2>\n<p><span data-contrast=\"auto\">Nuts and dried fruits are a source of energy, protein and healthy fats, making them a nutritious and sustainable everyday choice. They are a perfect example of how food can be both healthy and environmentally respectful.<\/span><span data-ccp-props=\"{&quot;134233117&quot;:false,&quot;134233118&quot;:false,&quot;335559738&quot;:240,&quot;335559739&quot;:240}\">\u00a0<\/span><\/p>\n<p><span data-contrast=\"auto\">At <a href=\"https:\/\/importaco.com\/en\/product\/\">Importaco<\/a>, we care about every detail: we carefully select the origin of our raw materials and apply the highest standards of quality and food safety. Our aim is to offer products that combine taste, nutrition and sustainability.<\/span><span data-ccp-props=\"{&quot;134233117&quot;:false,&quot;134233118&quot;:false,&quot;335559738&quot;:240,&quot;335559739&quot;:240}\">\u00a0<\/span><\/p>\n<p><span data-ccp-props=\"{}\"> <img loading=\"lazy\" decoding=\"async\" class=\"aligncenter wp-image-5093 size-full\" src=\"https:\/\/importaco.com\/wp-content\/uploads\/2025\/10\/Importaco-Chella_9205-scaled.jpg\" alt=\"Importaco\" width=\"2560\" height=\"1707\" srcset=\"https:\/\/importaco.com\/wp-content\/uploads\/2025\/10\/Importaco-Chella_9205-scaled.jpg 2560w, https:\/\/importaco.com\/wp-content\/uploads\/2025\/10\/Importaco-Chella_9205-300x200.jpg 300w, https:\/\/importaco.com\/wp-content\/uploads\/2025\/10\/Importaco-Chella_9205-1024x683.jpg 1024w, https:\/\/importaco.com\/wp-content\/uploads\/2025\/10\/Importaco-Chella_9205-768x512.jpg 768w, https:\/\/importaco.com\/wp-content\/uploads\/2025\/10\/Importaco-Chella_9205-1536x1024.jpg 1536w, https:\/\/importaco.com\/wp-content\/uploads\/2025\/10\/Importaco-Chella_9205-2048x1365.jpg 2048w, https:\/\/importaco.com\/wp-content\/uploads\/2025\/10\/Importaco-Chella_9205-1620x1080.jpg 1620w\" sizes=\"(max-width: 2560px) 100vw, 2560px\" \/><\/span><\/p>\n<h2><b><span data-contrast=\"auto\">Mineral Water: A Source of Life and Well-Being<\/span><\/b><span data-ccp-props=\"{&quot;134233117&quot;:false,&quot;134233118&quot;:false,&quot;335559738&quot;:240,&quot;335559739&quot;:240}\">\u00a0<\/span><\/h2>\n<p><span data-contrast=\"auto\">Water is essential for health and life, and at Importaco, we are committed to protecting this resource from its source.<\/span><span data-ccp-props=\"{&quot;134233117&quot;:false,&quot;134233118&quot;:false,&quot;335559738&quot;:240,&quot;335559739&quot;:240}\">\u00a0<\/span><\/p>\n<p><span data-contrast=\"auto\">Through Importaco Waters, we promote responsible management of natural resources, protect our springs and encourage efficient water use throughout our processes. Our energy management systems and emissions reduction programmes demonstrate our continued commitment to <a href=\"https:\/\/importaco.com\/wp-content\/uploads\/2025\/06\/Non-Financial-Information-Stattement-2024.pdf\">environmental sustainability<\/a>.<\/span><span data-ccp-props=\"{&quot;134233117&quot;:false,&quot;134233118&quot;:false,&quot;335559738&quot;:240,&quot;335559739&quot;:240}\">\u00a0<\/span><\/p>\n<p><span data-contrast=\"auto\">Caring for water means caring for the planet and for future generations.<\/span><span data-ccp-props=\"{&quot;134233117&quot;:false,&quot;134233118&quot;:false,&quot;335559738&quot;:240,&quot;335559739&quot;:240}\">\u00a0<\/span><\/p>\n<p><span data-ccp-props=\"{}\"> <img loading=\"lazy\" decoding=\"async\" width=\"2560\" height=\"1707\" class=\"size-full wp-image-5064 aligncenter\" src=\"https:\/\/importaco.com\/wp-content\/uploads\/2025\/10\/Aguadoy-117-scaled.jpg\" alt=\"\" srcset=\"https:\/\/importaco.com\/wp-content\/uploads\/2025\/10\/Aguadoy-117-scaled.jpg 2560w, https:\/\/importaco.com\/wp-content\/uploads\/2025\/10\/Aguadoy-117-300x200.jpg 300w, https:\/\/importaco.com\/wp-content\/uploads\/2025\/10\/Aguadoy-117-1024x683.jpg 1024w, https:\/\/importaco.com\/wp-content\/uploads\/2025\/10\/Aguadoy-117-768x512.jpg 768w, https:\/\/importaco.com\/wp-content\/uploads\/2025\/10\/Aguadoy-117-1536x1024.jpg 1536w, https:\/\/importaco.com\/wp-content\/uploads\/2025\/10\/Aguadoy-117-2048x1365.jpg 2048w\" sizes=\"(max-width: 2560px) 100vw, 2560px\" \/><\/span><\/p>\n<h2><b><span data-contrast=\"auto\">Food Innovation in Service of Sustainability<\/span><\/b><span data-ccp-props=\"{&quot;134233117&quot;:false,&quot;134233118&quot;:false,&quot;335559738&quot;:240,&quot;335559739&quot;:240}\">\u00a0<\/span><\/h2>\n<p><span data-contrast=\"auto\">Innovation is one of the pillars of our sustainable food model.<\/span><span data-ccp-props=\"{&quot;134233117&quot;:false,&quot;134233118&quot;:false,&quot;335559738&quot;:240,&quot;335559739&quot;:240}\">\u00a0<\/span><\/p>\n<p><span data-contrast=\"auto\">At the <a href=\"https:\/\/importaco.com\/en\/importaco-technology-center-innovation-excellence-food-industry\/\">Importaco Technology Centre<\/a>, our multidisciplinary teams research new solutions to enhance food safety, optimise industrial processes, and develop products that meet the needs of a more conscious society.<\/span><span data-ccp-props=\"{&quot;134233117&quot;:false,&quot;134233118&quot;:false,&quot;335559738&quot;:240,&quot;335559739&quot;:240}\">\u00a0<\/span><\/p>\n<p><span data-contrast=\"auto\">Thanks to scientific research and technology, we are moving towards a more efficient, responsible and environmentally respectful food industry.<\/span><span data-ccp-props=\"{&quot;134233117&quot;:false,&quot;134233118&quot;:false,&quot;335559738&quot;:240,&quot;335559739&quot;:240}\">\u00a0<\/span><\/p>\n<h2><img loading=\"lazy\" decoding=\"async\" width=\"2560\" height=\"1707\" class=\"size-full wp-image-5077 aligncenter\" src=\"https:\/\/importaco.com\/wp-content\/uploads\/2025\/10\/Oficines_Beniparrell-2913-1-scaled.jpg\" alt=\"Importaco Innovaci\u00f3n\" srcset=\"https:\/\/importaco.com\/wp-content\/uploads\/2025\/10\/Oficines_Beniparrell-2913-1-scaled.jpg 2560w, https:\/\/importaco.com\/wp-content\/uploads\/2025\/10\/Oficines_Beniparrell-2913-1-300x200.jpg 300w, https:\/\/importaco.com\/wp-content\/uploads\/2025\/10\/Oficines_Beniparrell-2913-1-1024x683.jpg 1024w, https:\/\/importaco.com\/wp-content\/uploads\/2025\/10\/Oficines_Beniparrell-2913-1-768x512.jpg 768w, https:\/\/importaco.com\/wp-content\/uploads\/2025\/10\/Oficines_Beniparrell-2913-1-1536x1024.jpg 1536w, https:\/\/importaco.com\/wp-content\/uploads\/2025\/10\/Oficines_Beniparrell-2913-1-2048x1365.jpg 2048w, https:\/\/importaco.com\/wp-content\/uploads\/2025\/10\/Oficines_Beniparrell-2913-1-1620x1080.jpg 1620w\" sizes=\"(max-width: 2560px) 100vw, 2560px\" \/><\/h2>\n<h2><b><span data-contrast=\"auto\">A Responsible Model for People and the Planet<\/span><\/b><span data-ccp-props=\"{&quot;134233117&quot;:false,&quot;134233118&quot;:false,&quot;335559738&quot;:240,&quot;335559739&quot;:240}\">\u00a0<\/span><\/h2>\n<p><span data-contrast=\"auto\">Our commitment to sustainable food goes beyond the product itself.<\/span><span data-ccp-props=\"{&quot;134233117&quot;:false,&quot;134233118&quot;:false,&quot;335559738&quot;:240,&quot;335559739&quot;:240}\">\u00a0<\/span><\/p>\n<p><span data-contrast=\"auto\">We collaborate with farmers, suppliers and local communities to encourage sustainable agricultural practices, promote the circular economy, and reduce the carbon footprint across the value chain.<\/span><span data-ccp-props=\"{&quot;134233117&quot;:false,&quot;134233118&quot;:false,&quot;335559738&quot;:240,&quot;335559739&quot;:240}\">\u00a0<\/span><\/p>\n<p><span data-contrast=\"auto\">At Importaco, we believe that healthy, sustainable food is the foundation of a better future. That\u2019s why we continue to work every day to offer high-quality natural products, foster responsible innovation, and protect the resources that make our food possible.<\/span><span data-ccp-props=\"{&quot;134233117&quot;:false,&quot;134233118&quot;:false,&quot;335559738&quot;:240,&quot;335559739&quot;:240}\">\u00a0<\/span><\/p>\n<p><img loading=\"lazy\" decoding=\"async\" width=\"2560\" height=\"1707\" class=\"size-full wp-image-5085 aligncenter\" src=\"https:\/\/importaco.com\/wp-content\/uploads\/2025\/10\/Extremadura_Importaco-2764-1-scaled.jpg\" alt=\"Importaco Sostenibilidad\" srcset=\"https:\/\/importaco.com\/wp-content\/uploads\/2025\/10\/Extremadura_Importaco-2764-1-scaled.jpg 2560w, https:\/\/importaco.com\/wp-content\/uploads\/2025\/10\/Extremadura_Importaco-2764-1-300x200.jpg 300w, https:\/\/importaco.com\/wp-content\/uploads\/2025\/10\/Extremadura_Importaco-2764-1-1024x683.jpg 1024w, https:\/\/importaco.com\/wp-content\/uploads\/2025\/10\/Extremadura_Importaco-2764-1-768x512.jpg 768w, https:\/\/importaco.com\/wp-content\/uploads\/2025\/10\/Extremadura_Importaco-2764-1-1536x1024.jpg 1536w, https:\/\/importaco.com\/wp-content\/uploads\/2025\/10\/Extremadura_Importaco-2764-1-2048x1365.jpg 2048w, https:\/\/importaco.com\/wp-content\/uploads\/2025\/10\/Extremadura_Importaco-2764-1-1620x1080.jpg 1620w\" sizes=\"(max-width: 2560px) 100vw, 2560px\" \/><\/p>\n<p><span data-contrast=\"auto\">\ud83d\udc9a <\/span><b><span data-contrast=\"auto\">Importaco: for healthy, safe and sustainable food.<\/span><\/b><span data-ccp-props=\"{&quot;134233117&quot;:false,&quot;134233118&quot;:false,&quot;335559738&quot;:240,&quot;335559739&quot;:240}\">\u00a0<\/span><\/p>\n","protected":false},"excerpt":{"rendered":"<p>World Food Day is celebrated on 16 October, an initiative led by the FAO to promote healthier, more sustainable and\u2026<\/p>\n","protected":false},"author":8,"featured_media":5089,"comment_status":"open","ping_status":"closed","sticky":false,"template":"","format":"standard","meta":{"_acf_changed":false,"inline_featured_image":false,"footnotes":""},"categories":[1],"acf":[],"yoast_head":"<!-- This site is optimized with the Yoast SEO plugin v23.5 - https:\/\/yoast.com\/wordpress\/plugins\/seo\/ -->\n<title>World Food Day: Our Commitment to Healthy and Sustainable Nutrition - Importaco<\/title>\n<meta name=\"robots\" content=\"index, follow, max-snippet:-1, max-image-preview:large, max-video-preview:-1\" \/>\n<link rel=\"canonical\" href=\"https:\/\/importaco.com\/en\/world-food-day-our-commitment-to-healthy-and-sustainable-nutrition\/\" \/>\n<meta property=\"og:locale\" content=\"en_US\" \/>\n<meta property=\"og:type\" content=\"article\" \/>\n<meta property=\"og:title\" content=\"World Food Day: Our Commitment to Healthy and Sustainable Nutrition - Importaco\" \/>\n<meta property=\"og:description\" content=\"World Food Day is celebrated on 16 October, an initiative led by the FAO to promote healthier, more sustainable and\u2026\" \/>\n<meta property=\"og:url\" content=\"https:\/\/importaco.com\/en\/world-food-day-our-commitment-to-healthy-and-sustainable-nutrition\/\" \/>\n<meta property=\"og:site_name\" content=\"Importaco\" \/>\n<meta property=\"article:published_time\" content=\"2025-10-17T11:29:38+00:00\" \/>\n<meta property=\"article:modified_time\" content=\"2025-10-17T11:37:43+00:00\" \/>\n<meta property=\"og:image\" content=\"https:\/\/importaco.com\/wp-content\/uploads\/2025\/10\/Factoria-de-frutos-secos-23-scaled.jpg\" \/>\n\t<meta property=\"og:image:width\" content=\"2560\" \/>\n\t<meta property=\"og:image:height\" content=\"1707\" \/>\n\t<meta property=\"og:image:type\" content=\"image\/jpeg\" \/>\n<meta name=\"author\" content=\"Pablo Hern\u00e1ndez\" \/>\n<meta name=\"twitter:card\" content=\"summary_large_image\" \/>\n<meta name=\"twitter:label1\" content=\"Written by\" \/>\n\t<meta name=\"twitter:data1\" content=\"Pablo Hern\u00e1ndez\" \/>\n\t<meta name=\"twitter:label2\" content=\"Est. reading time\" \/>\n\t<meta name=\"twitter:data2\" content=\"3 minutes\" \/>\n<script type=\"application\/ld+json\" class=\"yoast-schema-graph\">{\"@context\":\"https:\/\/schema.org\",\"@graph\":[{\"@type\":\"WebPage\",\"@id\":\"https:\/\/importaco.com\/en\/world-food-day-our-commitment-to-healthy-and-sustainable-nutrition\/\",\"url\":\"https:\/\/importaco.com\/en\/world-food-day-our-commitment-to-healthy-and-sustainable-nutrition\/\",\"name\":\"World Food Day: Our Commitment to Healthy and Sustainable Nutrition - Importaco\",\"isPartOf\":{\"@id\":\"https:\/\/importaco.com\/#website\"},\"primaryImageOfPage\":{\"@id\":\"https:\/\/importaco.com\/en\/world-food-day-our-commitment-to-healthy-and-sustainable-nutrition\/#primaryimage\"},\"image\":{\"@id\":\"https:\/\/importaco.com\/en\/world-food-day-our-commitment-to-healthy-and-sustainable-nutrition\/#primaryimage\"},\"thumbnailUrl\":\"https:\/\/importaco.com\/wp-content\/uploads\/2025\/10\/Factoria-de-frutos-secos-23-scaled.jpg\",\"datePublished\":\"2025-10-17T11:29:38+00:00\",\"dateModified\":\"2025-10-17T11:37:43+00:00\",\"author\":{\"@id\":\"https:\/\/importaco.com\/#\/schema\/person\/bb4d5ae65c5a5000c16b52737dee5e03\"},\"breadcrumb\":{\"@id\":\"https:\/\/importaco.com\/en\/world-food-day-our-commitment-to-healthy-and-sustainable-nutrition\/#breadcrumb\"},\"inLanguage\":\"en-US\",\"potentialAction\":[{\"@type\":\"ReadAction\",\"target\":[\"https:\/\/importaco.com\/en\/world-food-day-our-commitment-to-healthy-and-sustainable-nutrition\/\"]}]},{\"@type\":\"ImageObject\",\"inLanguage\":\"en-US\",\"@id\":\"https:\/\/importaco.com\/en\/world-food-day-our-commitment-to-healthy-and-sustainable-nutrition\/#primaryimage\",\"url\":\"https:\/\/importaco.com\/wp-content\/uploads\/2025\/10\/Factoria-de-frutos-secos-23-scaled.jpg\",\"contentUrl\":\"https:\/\/importaco.com\/wp-content\/uploads\/2025\/10\/Factoria-de-frutos-secos-23-scaled.jpg\",\"width\":2560,\"height\":1707,\"caption\":\"Importaco Nuts\"},{\"@type\":\"BreadcrumbList\",\"@id\":\"https:\/\/importaco.com\/en\/world-food-day-our-commitment-to-healthy-and-sustainable-nutrition\/#breadcrumb\",\"itemListElement\":[{\"@type\":\"ListItem\",\"position\":1,\"name\":\"Portada\",\"item\":\"https:\/\/importaco.com\/en\/\"},{\"@type\":\"ListItem\",\"position\":2,\"name\":\"World Food Day: Our Commitment to Healthy and Sustainable Nutrition\"}]},{\"@type\":\"WebSite\",\"@id\":\"https:\/\/importaco.com\/#website\",\"url\":\"https:\/\/importaco.com\/\",\"name\":\"Importaco\",\"description\":\"Importaco, fundada en 1940, es una compa\u00f1\u00eda l\u00edder en la industria de alimentaci\u00f3n y bebidas, especializada en la comercializaci\u00f3n de frutos secos y agua mineral.\",\"potentialAction\":[{\"@type\":\"SearchAction\",\"target\":{\"@type\":\"EntryPoint\",\"urlTemplate\":\"https:\/\/importaco.com\/?s={search_term_string}\"},\"query-input\":{\"@type\":\"PropertyValueSpecification\",\"valueRequired\":true,\"valueName\":\"search_term_string\"}}],\"inLanguage\":\"en-US\"},{\"@type\":\"Person\",\"@id\":\"https:\/\/importaco.com\/#\/schema\/person\/bb4d5ae65c5a5000c16b52737dee5e03\",\"name\":\"Pablo Hern\u00e1ndez\",\"image\":{\"@type\":\"ImageObject\",\"inLanguage\":\"en-US\",\"@id\":\"https:\/\/importaco.com\/#\/schema\/person\/image\/\",\"url\":\"https:\/\/secure.gravatar.com\/avatar\/82bf99039745f6f48c3a4ca5f4c7200d?s=96&d=mm&r=g\",\"contentUrl\":\"https:\/\/secure.gravatar.com\/avatar\/82bf99039745f6f48c3a4ca5f4c7200d?s=96&d=mm&r=g\",\"caption\":\"Pablo Hern\u00e1ndez\"},\"url\":\"https:\/\/importaco.com\/en\/author\/pablo\/\"}]}<\/script>\n<!-- \/ Yoast SEO plugin. -->","yoast_head_json":{"title":"World Food Day: Our Commitment to Healthy and Sustainable Nutrition - Importaco","robots":{"index":"index","follow":"follow","max-snippet":"max-snippet:-1","max-image-preview":"max-image-preview:large","max-video-preview":"max-video-preview:-1"},"canonical":"https:\/\/importaco.com\/en\/world-food-day-our-commitment-to-healthy-and-sustainable-nutrition\/","og_locale":"en_US","og_type":"article","og_title":"World Food Day: Our Commitment to Healthy and Sustainable Nutrition - Importaco","og_description":"World Food Day is celebrated on 16 October, an initiative led by the FAO to promote healthier, more sustainable and\u2026","og_url":"https:\/\/importaco.com\/en\/world-food-day-our-commitment-to-healthy-and-sustainable-nutrition\/","og_site_name":"Importaco","article_published_time":"2025-10-17T11:29:38+00:00","article_modified_time":"2025-10-17T11:37:43+00:00","og_image":[{"width":2560,"height":1707,"url":"https:\/\/importaco.com\/wp-content\/uploads\/2025\/10\/Factoria-de-frutos-secos-23-scaled.jpg","type":"image\/jpeg"}],"author":"Pablo Hern\u00e1ndez","twitter_card":"summary_large_image","twitter_misc":{"Written by":"Pablo Hern\u00e1ndez","Est. reading time":"3 minutes"},"schema":{"@context":"https:\/\/schema.org","@graph":[{"@type":"WebPage","@id":"https:\/\/importaco.com\/en\/world-food-day-our-commitment-to-healthy-and-sustainable-nutrition\/","url":"https:\/\/importaco.com\/en\/world-food-day-our-commitment-to-healthy-and-sustainable-nutrition\/","name":"World Food Day: Our Commitment to Healthy and Sustainable Nutrition - Importaco","isPartOf":{"@id":"https:\/\/importaco.com\/#website"},"primaryImageOfPage":{"@id":"https:\/\/importaco.com\/en\/world-food-day-our-commitment-to-healthy-and-sustainable-nutrition\/#primaryimage"},"image":{"@id":"https:\/\/importaco.com\/en\/world-food-day-our-commitment-to-healthy-and-sustainable-nutrition\/#primaryimage"},"thumbnailUrl":"https:\/\/importaco.com\/wp-content\/uploads\/2025\/10\/Factoria-de-frutos-secos-23-scaled.jpg","datePublished":"2025-10-17T11:29:38+00:00","dateModified":"2025-10-17T11:37:43+00:00","author":{"@id":"https:\/\/importaco.com\/#\/schema\/person\/bb4d5ae65c5a5000c16b52737dee5e03"},"breadcrumb":{"@id":"https:\/\/importaco.com\/en\/world-food-day-our-commitment-to-healthy-and-sustainable-nutrition\/#breadcrumb"},"inLanguage":"en-US","potentialAction":[{"@type":"ReadAction","target":["https:\/\/importaco.com\/en\/world-food-day-our-commitment-to-healthy-and-sustainable-nutrition\/"]}]},{"@type":"ImageObject","inLanguage":"en-US","@id":"https:\/\/importaco.com\/en\/world-food-day-our-commitment-to-healthy-and-sustainable-nutrition\/#primaryimage","url":"https:\/\/importaco.com\/wp-content\/uploads\/2025\/10\/Factoria-de-frutos-secos-23-scaled.jpg","contentUrl":"https:\/\/importaco.com\/wp-content\/uploads\/2025\/10\/Factoria-de-frutos-secos-23-scaled.jpg","width":2560,"height":1707,"caption":"Importaco Nuts"},{"@type":"BreadcrumbList","@id":"https:\/\/importaco.com\/en\/world-food-day-our-commitment-to-healthy-and-sustainable-nutrition\/#breadcrumb","itemListElement":[{"@type":"ListItem","position":1,"name":"Portada","item":"https:\/\/importaco.com\/en\/"},{"@type":"ListItem","position":2,"name":"World Food Day: Our Commitment to Healthy and Sustainable Nutrition"}]},{"@type":"WebSite","@id":"https:\/\/importaco.com\/#website","url":"https:\/\/importaco.com\/","name":"Importaco","description":"Importaco, fundada en 1940, es una compa\u00f1\u00eda l\u00edder en la industria de alimentaci\u00f3n y bebidas, especializada en la comercializaci\u00f3n de frutos secos y agua mineral.","potentialAction":[{"@type":"SearchAction","target":{"@type":"EntryPoint","urlTemplate":"https:\/\/importaco.com\/?s={search_term_string}"},"query-input":{"@type":"PropertyValueSpecification","valueRequired":true,"valueName":"search_term_string"}}],"inLanguage":"en-US"},{"@type":"Person","@id":"https:\/\/importaco.com\/#\/schema\/person\/bb4d5ae65c5a5000c16b52737dee5e03","name":"Pablo Hern\u00e1ndez","image":{"@type":"ImageObject","inLanguage":"en-US","@id":"https:\/\/importaco.com\/#\/schema\/person\/image\/","url":"https:\/\/secure.gravatar.com\/avatar\/82bf99039745f6f48c3a4ca5f4c7200d?s=96&d=mm&r=g","contentUrl":"https:\/\/secure.gravatar.com\/avatar\/82bf99039745f6f48c3a4ca5f4c7200d?s=96&d=mm&r=g","caption":"Pablo Hern\u00e1ndez"},"url":"https:\/\/importaco.com\/en\/author\/pablo\/"}]}},"_links":{"self":[{"href":"https:\/\/importaco.com\/en\/wp-json\/wp\/v2\/posts\/5097"}],"collection":[{"href":"https:\/\/importaco.com\/en\/wp-json\/wp\/v2\/posts"}],"about":[{"href":"https:\/\/importaco.com\/en\/wp-json\/wp\/v2\/types\/post"}],"author":[{"embeddable":true,"href":"https:\/\/importaco.com\/en\/wp-json\/wp\/v2\/users\/8"}],"replies":[{"embeddable":true,"href":"https:\/\/importaco.com\/en\/wp-json\/wp\/v2\/comments?post=5097"}],"version-history":[{"count":1,"href":"https:\/\/importaco.com\/en\/wp-json\/wp\/v2\/posts\/5097\/revisions"}],"predecessor-version":[{"id":5098,"href":"https:\/\/importaco.com\/en\/wp-json\/wp\/v2\/posts\/5097\/revisions\/5098"}],"wp:featuredmedia":[{"embeddable":true,"href":"https:\/\/importaco.com\/en\/wp-json\/wp\/v2\/media\/5089"}],"wp:attachment":[{"href":"https:\/\/importaco.com\/en\/wp-json\/wp\/v2\/media?parent=5097"}],"wp:term":[{"taxonomy":"category","embeddable":true,"href":"https:\/\/importaco.com\/en\/wp-json\/wp\/v2\/categories?post=5097"}],"curies":[{"name":"wp","href":"https:\/\/api.w.org\/{rel}","templated":true}]}}