{"id":765,"date":"2021-01-19T17:00:26","date_gmt":"2021-01-19T17:00:26","guid":{"rendered":"https:\/\/old.importaco.com\/?post_type=blog&#038;p=765"},"modified":"2023-07-31T15:38:23","modified_gmt":"2023-07-31T15:38:23","slug":"importaco-trusts-its-future-to-specialization-to-lead-the-nut-market","status":"publish","type":"post","link":"https:\/\/importaco.com\/en\/importaco-trusts-its-future-to-specialization-to-lead-the-nut-market\/","title":{"rendered":"Importaco relies on specialization to lead the nut and dried fruit market"},"content":{"rendered":"<p>THE FIRM INVESTED IN 2020 MORE THAN 10 MILLION IN PROJECTS FOR THIS PURPOSE<\/p>\n<p><strong>Importaco<\/strong>, has set the objective of growing in the food business by product specialization. A challenge in the search of the integration of customer\u2019s expectations throughout the value chain to make every process client-satisfaction oriented. While also growing in the international market, having an even bigger presence in several countries.<\/p>\n<p>Founded in 1940 by businessman <strong>Francisco Pons Mart\u00ed<\/strong>, the company Headquarters are settled in Beniparrell, Valencia. Importaco develops its activities in the food sector commercializing nuts and dried fruits, snacks and seeds. Besides, it is a Mercadona supplier and it has a natural mineral waters branch embracing brands <strong>Agua de Cortes<\/strong>, <strong>Agua de Bronchales<\/strong>, <strong>AguaDoy<\/strong>, <strong>Font S\u2019Aritja<\/strong> and <strong>Font des Teix.<\/strong><\/p>\n<p>One of the most important family businesses in Valencia consolidated sales for \u20ac584.5M in 2019, providing an annual 8% increase. In Summer 2020 Importaco bought a <a href=\"https:\/\/valenciaplaza.com\/importaco-compra-el-51-de-la-italianabesana\">51% stake in italian company Besana<\/a> aiming to create a European leader in natural food products and to consolidate its international business. This deal allowed Importaco to gain a competitive advantage in the european market, reaching markets in the UK, Italy, Belgium, Germany, France, Poland and Scandinavia, and the group employs 1,950 workers in 17 production centers.<\/p>\n<p>The strong group created, despite the good annual results, is working towards specialized production to keep on this growth path. Clearly betting on differentiation, as stated on the 2019-2021 Strategic Plan, and focusing on digital transformation and sustainability commitments. Therefore, Importaco is aiming to create a company ready to anticipate clients expectations.<\/p>\n<p>\u201cThe specialization process has developed naturally and we have been working on it for years. Thanks to the professionalism of the whole team, we are capable of integrating in the value chain what our clients request. I\u2019m fully convinced that thanks to this model we will be able to create an agile company, generating a bigger knowledge base\u201d explained <strong>To\u00f1o Pons<\/strong>, president of the company.<\/p>\n<p>News published in Valencia Plaza.    \t<\/p>\n","protected":false},"excerpt":{"rendered":"<p>THE FIRM INVESTED IN 2020 MORE THAN 10 MILLION IN PROJECTS FOR THIS PURPOSE Importaco, has set the objective of\u2026<\/p>\n","protected":false},"author":7,"featured_media":1107,"comment_status":"closed","ping_status":"closed","sticky":false,"template":"","format":"standard","meta":{"_acf_changed":false,"inline_featured_image":false,"footnotes":""},"categories":[],"acf":[],"yoast_head":"<!-- This site is optimized with the Yoast SEO plugin v23.5 - https:\/\/yoast.com\/wordpress\/plugins\/seo\/ -->\n<title>Importaco relies on specialization to lead the nut and dried fruit market - Importaco<\/title>\n<meta name=\"robots\" content=\"index, follow, max-snippet:-1, max-image-preview:large, max-video-preview:-1\" \/>\n<link rel=\"canonical\" href=\"https:\/\/importaco.com\/importaco-fia-su-futuro-a-la-especializacion-para-liderar-el-mercado-de-frutos-secos\/\" \/>\n<meta property=\"og:locale\" content=\"en_US\" \/>\n<meta property=\"og:type\" content=\"article\" \/>\n<meta property=\"og:title\" content=\"Importaco relies on specialization to lead the nut and dried fruit market - Importaco\" \/>\n<meta property=\"og:description\" content=\"THE FIRM INVESTED IN 2020 MORE THAN 10 MILLION IN PROJECTS FOR THIS PURPOSE Importaco, has set the objective of\u2026\" \/>\n<meta property=\"og:url\" content=\"https:\/\/importaco.com\/importaco-fia-su-futuro-a-la-especializacion-para-liderar-el-mercado-de-frutos-secos\/\" \/>\n<meta property=\"og:site_name\" content=\"Importaco\" \/>\n<meta property=\"article:published_time\" content=\"2021-01-19T17:00:26+00:00\" \/>\n<meta property=\"article:modified_time\" content=\"2023-07-31T15:38:23+00:00\" \/>\n<meta property=\"og:image\" content=\"https:\/\/importaco.com\/wp-content\/uploads\/2023\/07\/TonoPons_Presidente4_NoticiaAmpliada-1.jpg\" \/>\n\t<meta property=\"og:image:width\" content=\"768\" \/>\n\t<meta property=\"og:image:height\" content=\"614\" \/>\n\t<meta property=\"og:image:type\" content=\"image\/jpeg\" \/>\n<meta name=\"author\" content=\"Rosa Medina\" \/>\n<meta name=\"twitter:card\" content=\"summary_large_image\" \/>\n<meta name=\"twitter:label1\" content=\"Written by\" \/>\n\t<meta name=\"twitter:data1\" content=\"Rosa Medina\" \/>\n\t<meta name=\"twitter:label2\" content=\"Est. reading time\" \/>\n\t<meta name=\"twitter:data2\" content=\"2 minutes\" \/>\n<script type=\"application\/ld+json\" class=\"yoast-schema-graph\">{\"@context\":\"https:\/\/schema.org\",\"@graph\":[{\"@type\":\"WebPage\",\"@id\":\"https:\/\/importaco.com\/importaco-fia-su-futuro-a-la-especializacion-para-liderar-el-mercado-de-frutos-secos\/\",\"url\":\"https:\/\/importaco.com\/importaco-fia-su-futuro-a-la-especializacion-para-liderar-el-mercado-de-frutos-secos\/\",\"name\":\"Importaco relies on specialization to lead the nut and dried fruit market - Importaco\",\"isPartOf\":{\"@id\":\"https:\/\/importaco.com\/#website\"},\"primaryImageOfPage\":{\"@id\":\"https:\/\/importaco.com\/importaco-fia-su-futuro-a-la-especializacion-para-liderar-el-mercado-de-frutos-secos\/#primaryimage\"},\"image\":{\"@id\":\"https:\/\/importaco.com\/importaco-fia-su-futuro-a-la-especializacion-para-liderar-el-mercado-de-frutos-secos\/#primaryimage\"},\"thumbnailUrl\":\"https:\/\/importaco.com\/wp-content\/uploads\/2023\/07\/TonoPons_Presidente4_NoticiaAmpliada-1.jpg\",\"datePublished\":\"2021-01-19T17:00:26+00:00\",\"dateModified\":\"2023-07-31T15:38:23+00:00\",\"author\":{\"@id\":\"https:\/\/importaco.com\/#\/schema\/person\/694df8e3264d78628902ee84948fe0be\"},\"breadcrumb\":{\"@id\":\"https:\/\/importaco.com\/importaco-fia-su-futuro-a-la-especializacion-para-liderar-el-mercado-de-frutos-secos\/#breadcrumb\"},\"inLanguage\":\"en-US\",\"potentialAction\":[{\"@type\":\"ReadAction\",\"target\":[\"https:\/\/importaco.com\/importaco-fia-su-futuro-a-la-especializacion-para-liderar-el-mercado-de-frutos-secos\/\"]}]},{\"@type\":\"ImageObject\",\"inLanguage\":\"en-US\",\"@id\":\"https:\/\/importaco.com\/importaco-fia-su-futuro-a-la-especializacion-para-liderar-el-mercado-de-frutos-secos\/#primaryimage\",\"url\":\"https:\/\/importaco.com\/wp-content\/uploads\/2023\/07\/TonoPons_Presidente4_NoticiaAmpliada-1.jpg\",\"contentUrl\":\"https:\/\/importaco.com\/wp-content\/uploads\/2023\/07\/TonoPons_Presidente4_NoticiaAmpliada-1.jpg\",\"width\":768,\"height\":614},{\"@type\":\"BreadcrumbList\",\"@id\":\"https:\/\/importaco.com\/importaco-fia-su-futuro-a-la-especializacion-para-liderar-el-mercado-de-frutos-secos\/#breadcrumb\",\"itemListElement\":[{\"@type\":\"ListItem\",\"position\":1,\"name\":\"Portada\",\"item\":\"https:\/\/importaco.com\/en\/\"},{\"@type\":\"ListItem\",\"position\":2,\"name\":\"Importaco relies on specialization to lead the nut and dried fruit market\"}]},{\"@type\":\"WebSite\",\"@id\":\"https:\/\/importaco.com\/#website\",\"url\":\"https:\/\/importaco.com\/\",\"name\":\"Importaco\",\"description\":\"Importaco, fundada en 1940, es una compa\u00f1\u00eda l\u00edder en la industria de alimentaci\u00f3n y bebidas, especializada en la comercializaci\u00f3n de frutos secos y agua mineral.\",\"potentialAction\":[{\"@type\":\"SearchAction\",\"target\":{\"@type\":\"EntryPoint\",\"urlTemplate\":\"https:\/\/importaco.com\/?s={search_term_string}\"},\"query-input\":{\"@type\":\"PropertyValueSpecification\",\"valueRequired\":true,\"valueName\":\"search_term_string\"}}],\"inLanguage\":\"en-US\"},{\"@type\":\"Person\",\"@id\":\"https:\/\/importaco.com\/#\/schema\/person\/694df8e3264d78628902ee84948fe0be\",\"name\":\"Rosa Medina\",\"image\":{\"@type\":\"ImageObject\",\"inLanguage\":\"en-US\",\"@id\":\"https:\/\/importaco.com\/#\/schema\/person\/image\/\",\"url\":\"https:\/\/secure.gravatar.com\/avatar\/32c403b7be84344ef916ccde54606203?s=96&d=mm&r=g\",\"contentUrl\":\"https:\/\/secure.gravatar.com\/avatar\/32c403b7be84344ef916ccde54606203?s=96&d=mm&r=g\",\"caption\":\"Rosa Medina\"},\"url\":\"https:\/\/importaco.com\/en\/author\/rosa\/\"}]}<\/script>\n<!-- \/ Yoast SEO plugin. -->","yoast_head_json":{"title":"Importaco relies on specialization to lead the nut and dried fruit market - Importaco","robots":{"index":"index","follow":"follow","max-snippet":"max-snippet:-1","max-image-preview":"max-image-preview:large","max-video-preview":"max-video-preview:-1"},"canonical":"https:\/\/importaco.com\/importaco-fia-su-futuro-a-la-especializacion-para-liderar-el-mercado-de-frutos-secos\/","og_locale":"en_US","og_type":"article","og_title":"Importaco relies on specialization to lead the nut and dried fruit market - Importaco","og_description":"THE FIRM INVESTED IN 2020 MORE THAN 10 MILLION IN PROJECTS FOR THIS PURPOSE Importaco, has set the objective of\u2026","og_url":"https:\/\/importaco.com\/importaco-fia-su-futuro-a-la-especializacion-para-liderar-el-mercado-de-frutos-secos\/","og_site_name":"Importaco","article_published_time":"2021-01-19T17:00:26+00:00","article_modified_time":"2023-07-31T15:38:23+00:00","og_image":[{"width":768,"height":614,"url":"https:\/\/importaco.com\/wp-content\/uploads\/2023\/07\/TonoPons_Presidente4_NoticiaAmpliada-1.jpg","type":"image\/jpeg"}],"author":"Rosa Medina","twitter_card":"summary_large_image","twitter_misc":{"Written by":"Rosa Medina","Est. reading time":"2 minutes"},"schema":{"@context":"https:\/\/schema.org","@graph":[{"@type":"WebPage","@id":"https:\/\/importaco.com\/importaco-fia-su-futuro-a-la-especializacion-para-liderar-el-mercado-de-frutos-secos\/","url":"https:\/\/importaco.com\/importaco-fia-su-futuro-a-la-especializacion-para-liderar-el-mercado-de-frutos-secos\/","name":"Importaco relies on specialization to lead the nut and dried fruit market - Importaco","isPartOf":{"@id":"https:\/\/importaco.com\/#website"},"primaryImageOfPage":{"@id":"https:\/\/importaco.com\/importaco-fia-su-futuro-a-la-especializacion-para-liderar-el-mercado-de-frutos-secos\/#primaryimage"},"image":{"@id":"https:\/\/importaco.com\/importaco-fia-su-futuro-a-la-especializacion-para-liderar-el-mercado-de-frutos-secos\/#primaryimage"},"thumbnailUrl":"https:\/\/importaco.com\/wp-content\/uploads\/2023\/07\/TonoPons_Presidente4_NoticiaAmpliada-1.jpg","datePublished":"2021-01-19T17:00:26+00:00","dateModified":"2023-07-31T15:38:23+00:00","author":{"@id":"https:\/\/importaco.com\/#\/schema\/person\/694df8e3264d78628902ee84948fe0be"},"breadcrumb":{"@id":"https:\/\/importaco.com\/importaco-fia-su-futuro-a-la-especializacion-para-liderar-el-mercado-de-frutos-secos\/#breadcrumb"},"inLanguage":"en-US","potentialAction":[{"@type":"ReadAction","target":["https:\/\/importaco.com\/importaco-fia-su-futuro-a-la-especializacion-para-liderar-el-mercado-de-frutos-secos\/"]}]},{"@type":"ImageObject","inLanguage":"en-US","@id":"https:\/\/importaco.com\/importaco-fia-su-futuro-a-la-especializacion-para-liderar-el-mercado-de-frutos-secos\/#primaryimage","url":"https:\/\/importaco.com\/wp-content\/uploads\/2023\/07\/TonoPons_Presidente4_NoticiaAmpliada-1.jpg","contentUrl":"https:\/\/importaco.com\/wp-content\/uploads\/2023\/07\/TonoPons_Presidente4_NoticiaAmpliada-1.jpg","width":768,"height":614},{"@type":"BreadcrumbList","@id":"https:\/\/importaco.com\/importaco-fia-su-futuro-a-la-especializacion-para-liderar-el-mercado-de-frutos-secos\/#breadcrumb","itemListElement":[{"@type":"ListItem","position":1,"name":"Portada","item":"https:\/\/importaco.com\/en\/"},{"@type":"ListItem","position":2,"name":"Importaco relies on specialization to lead the nut and dried fruit market"}]},{"@type":"WebSite","@id":"https:\/\/importaco.com\/#website","url":"https:\/\/importaco.com\/","name":"Importaco","description":"Importaco, fundada en 1940, es una compa\u00f1\u00eda l\u00edder en la industria de alimentaci\u00f3n y bebidas, especializada en la comercializaci\u00f3n de frutos secos y agua mineral.","potentialAction":[{"@type":"SearchAction","target":{"@type":"EntryPoint","urlTemplate":"https:\/\/importaco.com\/?s={search_term_string}"},"query-input":{"@type":"PropertyValueSpecification","valueRequired":true,"valueName":"search_term_string"}}],"inLanguage":"en-US"},{"@type":"Person","@id":"https:\/\/importaco.com\/#\/schema\/person\/694df8e3264d78628902ee84948fe0be","name":"Rosa Medina","image":{"@type":"ImageObject","inLanguage":"en-US","@id":"https:\/\/importaco.com\/#\/schema\/person\/image\/","url":"https:\/\/secure.gravatar.com\/avatar\/32c403b7be84344ef916ccde54606203?s=96&d=mm&r=g","contentUrl":"https:\/\/secure.gravatar.com\/avatar\/32c403b7be84344ef916ccde54606203?s=96&d=mm&r=g","caption":"Rosa Medina"},"url":"https:\/\/importaco.com\/en\/author\/rosa\/"}]}},"_links":{"self":[{"href":"https:\/\/importaco.com\/en\/wp-json\/wp\/v2\/posts\/765"}],"collection":[{"href":"https:\/\/importaco.com\/en\/wp-json\/wp\/v2\/posts"}],"about":[{"href":"https:\/\/importaco.com\/en\/wp-json\/wp\/v2\/types\/post"}],"author":[{"embeddable":true,"href":"https:\/\/importaco.com\/en\/wp-json\/wp\/v2\/users\/7"}],"replies":[{"embeddable":true,"href":"https:\/\/importaco.com\/en\/wp-json\/wp\/v2\/comments?post=765"}],"version-history":[{"count":1,"href":"https:\/\/importaco.com\/en\/wp-json\/wp\/v2\/posts\/765\/revisions"}],"predecessor-version":[{"id":1268,"href":"https:\/\/importaco.com\/en\/wp-json\/wp\/v2\/posts\/765\/revisions\/1268"}],"wp:featuredmedia":[{"embeddable":true,"href":"https:\/\/importaco.com\/en\/wp-json\/wp\/v2\/media\/1107"}],"wp:attachment":[{"href":"https:\/\/importaco.com\/en\/wp-json\/wp\/v2\/media?parent=765"}],"wp:term":[{"taxonomy":"category","embeddable":true,"href":"https:\/\/importaco.com\/en\/wp-json\/wp\/v2\/categories?post=765"}],"curies":[{"name":"wp","href":"https:\/\/api.w.org\/{rel}","templated":true}]}}