{"id":778,"date":"2021-01-25T13:15:17","date_gmt":"2021-01-25T13:15:17","guid":{"rendered":"https:\/\/old.importaco.com\/?post_type=blog&#038;p=778"},"modified":"2023-12-29T15:45:33","modified_gmt":"2023-12-29T15:45:33","slug":"importaco-collaborates-with-the-novaterra-foundation","status":"publish","type":"post","link":"https:\/\/importaco.com\/en\/importaco-collaborates-with-the-novaterra-foundation\/","title":{"rendered":"Importaco cooperates with Novaterra Foundation"},"content":{"rendered":"<p>Importaco, in collaboration with <a href=\"https:\/\/www.acteco.es\/en\/\">Acteco<\/a>, has joined the project \u201cUn viaje a la dignidad\u201d (A trip towards dignity) carried by <a href=\"https:\/\/www.novaterra.org.es\/\">Novaterra<\/a> Foundation. This valencian organization has been coming along with more than 5,000 people for almost three decades, promoting social inclusion through employment, achieving a 50% annual insertion rate. In 2020, amid the COVID-19 pandemic, over 200 people have found a job after joining Novaterra.<\/p>\n<p>The goal of this project is to help people find and keep employment to live with dignity again. To this effect, the Foundation sets a personalized insertion itinerary, based on the analysis of each person\u2019s situation, including objectives, stages and evolution monitoring.<\/p>\n<p>This donation has been made possible thanks to Acteco and its stoppers collection service. During this environmental project, Importaco employees have gathered over 3 ton stoppers, which have been appreciated through social projects.<\/p>\n<p>Importaco has a social action plan that responds to the health and development needs of the communities where Importaco centers are located. In this sense, Importaco has cooperated in the update of the kitchen in the public school Blasco Iba\u00f1ez in Beniparrell (Valencia) in order to improve the quality and service of the canteen for its students.<\/p>\n","protected":false},"excerpt":{"rendered":"<p>Importaco, in collaboration with Acteco, has joined the project \u201cUn viaje a la dignidad\u201d (A trip towards dignity) carried by\u2026<\/p>\n","protected":false},"author":7,"featured_media":1111,"comment_status":"closed","ping_status":"closed","sticky":false,"template":"","format":"standard","meta":{"_acf_changed":false,"inline_featured_image":false,"footnotes":""},"categories":[1],"acf":[],"yoast_head":"<!-- This site is optimized with the Yoast SEO plugin v23.5 - https:\/\/yoast.com\/wordpress\/plugins\/seo\/ -->\n<title>Importaco cooperates with Novaterra Foundation - Importaco<\/title>\n<meta name=\"robots\" content=\"index, follow, max-snippet:-1, max-image-preview:large, max-video-preview:-1\" \/>\n<link rel=\"canonical\" href=\"https:\/\/importaco.com\/importaco-colabora-con-la-fundacion-novaterra\/\" \/>\n<meta property=\"og:locale\" content=\"en_US\" \/>\n<meta property=\"og:type\" content=\"article\" \/>\n<meta property=\"og:title\" content=\"Importaco cooperates with Novaterra Foundation - Importaco\" \/>\n<meta property=\"og:description\" content=\"Importaco, in collaboration with Acteco, has joined the project \u201cUn viaje a la dignidad\u201d (A trip towards dignity) carried by\u2026\" \/>\n<meta property=\"og:url\" content=\"https:\/\/importaco.com\/importaco-colabora-con-la-fundacion-novaterra\/\" \/>\n<meta property=\"og:site_name\" content=\"Importaco\" \/>\n<meta property=\"article:published_time\" content=\"2021-01-25T13:15:17+00:00\" \/>\n<meta property=\"article:modified_time\" content=\"2023-12-29T15:45:33+00:00\" \/>\n<meta property=\"og:image\" content=\"https:\/\/importaco.com\/wp-content\/uploads\/2023\/07\/Novaterra-1.jpg\" \/>\n\t<meta property=\"og:image:width\" content=\"2245\" \/>\n\t<meta property=\"og:image:height\" content=\"1587\" \/>\n\t<meta property=\"og:image:type\" content=\"image\/jpeg\" \/>\n<meta name=\"author\" content=\"Rosa Medina\" \/>\n<meta name=\"twitter:card\" content=\"summary_large_image\" \/>\n<meta name=\"twitter:label1\" content=\"Written by\" \/>\n\t<meta name=\"twitter:data1\" content=\"Rosa Medina\" \/>\n\t<meta name=\"twitter:label2\" content=\"Est. reading time\" \/>\n\t<meta name=\"twitter:data2\" content=\"2 minutes\" \/>\n<script type=\"application\/ld+json\" class=\"yoast-schema-graph\">{\"@context\":\"https:\/\/schema.org\",\"@graph\":[{\"@type\":\"WebPage\",\"@id\":\"https:\/\/importaco.com\/importaco-colabora-con-la-fundacion-novaterra\/\",\"url\":\"https:\/\/importaco.com\/importaco-colabora-con-la-fundacion-novaterra\/\",\"name\":\"Importaco cooperates with Novaterra Foundation - Importaco\",\"isPartOf\":{\"@id\":\"https:\/\/importaco.com\/#website\"},\"primaryImageOfPage\":{\"@id\":\"https:\/\/importaco.com\/importaco-colabora-con-la-fundacion-novaterra\/#primaryimage\"},\"image\":{\"@id\":\"https:\/\/importaco.com\/importaco-colabora-con-la-fundacion-novaterra\/#primaryimage\"},\"thumbnailUrl\":\"https:\/\/importaco.com\/wp-content\/uploads\/2023\/07\/Novaterra-1.jpg\",\"datePublished\":\"2021-01-25T13:15:17+00:00\",\"dateModified\":\"2023-12-29T15:45:33+00:00\",\"author\":{\"@id\":\"https:\/\/importaco.com\/#\/schema\/person\/694df8e3264d78628902ee84948fe0be\"},\"breadcrumb\":{\"@id\":\"https:\/\/importaco.com\/importaco-colabora-con-la-fundacion-novaterra\/#breadcrumb\"},\"inLanguage\":\"en-US\",\"potentialAction\":[{\"@type\":\"ReadAction\",\"target\":[\"https:\/\/importaco.com\/importaco-colabora-con-la-fundacion-novaterra\/\"]}]},{\"@type\":\"ImageObject\",\"inLanguage\":\"en-US\",\"@id\":\"https:\/\/importaco.com\/importaco-colabora-con-la-fundacion-novaterra\/#primaryimage\",\"url\":\"https:\/\/importaco.com\/wp-content\/uploads\/2023\/07\/Novaterra-1.jpg\",\"contentUrl\":\"https:\/\/importaco.com\/wp-content\/uploads\/2023\/07\/Novaterra-1.jpg\",\"width\":2245,\"height\":1587},{\"@type\":\"BreadcrumbList\",\"@id\":\"https:\/\/importaco.com\/importaco-colabora-con-la-fundacion-novaterra\/#breadcrumb\",\"itemListElement\":[{\"@type\":\"ListItem\",\"position\":1,\"name\":\"Portada\",\"item\":\"https:\/\/importaco.com\/en\/\"},{\"@type\":\"ListItem\",\"position\":2,\"name\":\"Importaco cooperates with Novaterra Foundation\"}]},{\"@type\":\"WebSite\",\"@id\":\"https:\/\/importaco.com\/#website\",\"url\":\"https:\/\/importaco.com\/\",\"name\":\"Importaco\",\"description\":\"Importaco, fundada en 1940, es una compa\u00f1\u00eda l\u00edder en la industria de alimentaci\u00f3n y bebidas, especializada en la comercializaci\u00f3n de frutos secos y agua mineral.\",\"potentialAction\":[{\"@type\":\"SearchAction\",\"target\":{\"@type\":\"EntryPoint\",\"urlTemplate\":\"https:\/\/importaco.com\/?s={search_term_string}\"},\"query-input\":{\"@type\":\"PropertyValueSpecification\",\"valueRequired\":true,\"valueName\":\"search_term_string\"}}],\"inLanguage\":\"en-US\"},{\"@type\":\"Person\",\"@id\":\"https:\/\/importaco.com\/#\/schema\/person\/694df8e3264d78628902ee84948fe0be\",\"name\":\"Rosa Medina\",\"image\":{\"@type\":\"ImageObject\",\"inLanguage\":\"en-US\",\"@id\":\"https:\/\/importaco.com\/#\/schema\/person\/image\/\",\"url\":\"https:\/\/secure.gravatar.com\/avatar\/32c403b7be84344ef916ccde54606203?s=96&d=mm&r=g\",\"contentUrl\":\"https:\/\/secure.gravatar.com\/avatar\/32c403b7be84344ef916ccde54606203?s=96&d=mm&r=g\",\"caption\":\"Rosa Medina\"},\"url\":\"https:\/\/importaco.com\/en\/author\/rosa\/\"}]}<\/script>\n<!-- \/ Yoast SEO plugin. -->","yoast_head_json":{"title":"Importaco cooperates with Novaterra Foundation - Importaco","robots":{"index":"index","follow":"follow","max-snippet":"max-snippet:-1","max-image-preview":"max-image-preview:large","max-video-preview":"max-video-preview:-1"},"canonical":"https:\/\/importaco.com\/importaco-colabora-con-la-fundacion-novaterra\/","og_locale":"en_US","og_type":"article","og_title":"Importaco cooperates with Novaterra Foundation - Importaco","og_description":"Importaco, in collaboration with Acteco, has joined the project \u201cUn viaje a la dignidad\u201d (A trip towards dignity) carried by\u2026","og_url":"https:\/\/importaco.com\/importaco-colabora-con-la-fundacion-novaterra\/","og_site_name":"Importaco","article_published_time":"2021-01-25T13:15:17+00:00","article_modified_time":"2023-12-29T15:45:33+00:00","og_image":[{"width":2245,"height":1587,"url":"https:\/\/importaco.com\/wp-content\/uploads\/2023\/07\/Novaterra-1.jpg","type":"image\/jpeg"}],"author":"Rosa Medina","twitter_card":"summary_large_image","twitter_misc":{"Written by":"Rosa Medina","Est. reading time":"2 minutes"},"schema":{"@context":"https:\/\/schema.org","@graph":[{"@type":"WebPage","@id":"https:\/\/importaco.com\/importaco-colabora-con-la-fundacion-novaterra\/","url":"https:\/\/importaco.com\/importaco-colabora-con-la-fundacion-novaterra\/","name":"Importaco cooperates with Novaterra Foundation - Importaco","isPartOf":{"@id":"https:\/\/importaco.com\/#website"},"primaryImageOfPage":{"@id":"https:\/\/importaco.com\/importaco-colabora-con-la-fundacion-novaterra\/#primaryimage"},"image":{"@id":"https:\/\/importaco.com\/importaco-colabora-con-la-fundacion-novaterra\/#primaryimage"},"thumbnailUrl":"https:\/\/importaco.com\/wp-content\/uploads\/2023\/07\/Novaterra-1.jpg","datePublished":"2021-01-25T13:15:17+00:00","dateModified":"2023-12-29T15:45:33+00:00","author":{"@id":"https:\/\/importaco.com\/#\/schema\/person\/694df8e3264d78628902ee84948fe0be"},"breadcrumb":{"@id":"https:\/\/importaco.com\/importaco-colabora-con-la-fundacion-novaterra\/#breadcrumb"},"inLanguage":"en-US","potentialAction":[{"@type":"ReadAction","target":["https:\/\/importaco.com\/importaco-colabora-con-la-fundacion-novaterra\/"]}]},{"@type":"ImageObject","inLanguage":"en-US","@id":"https:\/\/importaco.com\/importaco-colabora-con-la-fundacion-novaterra\/#primaryimage","url":"https:\/\/importaco.com\/wp-content\/uploads\/2023\/07\/Novaterra-1.jpg","contentUrl":"https:\/\/importaco.com\/wp-content\/uploads\/2023\/07\/Novaterra-1.jpg","width":2245,"height":1587},{"@type":"BreadcrumbList","@id":"https:\/\/importaco.com\/importaco-colabora-con-la-fundacion-novaterra\/#breadcrumb","itemListElement":[{"@type":"ListItem","position":1,"name":"Portada","item":"https:\/\/importaco.com\/en\/"},{"@type":"ListItem","position":2,"name":"Importaco cooperates with Novaterra Foundation"}]},{"@type":"WebSite","@id":"https:\/\/importaco.com\/#website","url":"https:\/\/importaco.com\/","name":"Importaco","description":"Importaco, fundada en 1940, es una compa\u00f1\u00eda l\u00edder en la industria de alimentaci\u00f3n y bebidas, especializada en la comercializaci\u00f3n de frutos secos y agua mineral.","potentialAction":[{"@type":"SearchAction","target":{"@type":"EntryPoint","urlTemplate":"https:\/\/importaco.com\/?s={search_term_string}"},"query-input":{"@type":"PropertyValueSpecification","valueRequired":true,"valueName":"search_term_string"}}],"inLanguage":"en-US"},{"@type":"Person","@id":"https:\/\/importaco.com\/#\/schema\/person\/694df8e3264d78628902ee84948fe0be","name":"Rosa Medina","image":{"@type":"ImageObject","inLanguage":"en-US","@id":"https:\/\/importaco.com\/#\/schema\/person\/image\/","url":"https:\/\/secure.gravatar.com\/avatar\/32c403b7be84344ef916ccde54606203?s=96&d=mm&r=g","contentUrl":"https:\/\/secure.gravatar.com\/avatar\/32c403b7be84344ef916ccde54606203?s=96&d=mm&r=g","caption":"Rosa Medina"},"url":"https:\/\/importaco.com\/en\/author\/rosa\/"}]}},"_links":{"self":[{"href":"https:\/\/importaco.com\/en\/wp-json\/wp\/v2\/posts\/778"}],"collection":[{"href":"https:\/\/importaco.com\/en\/wp-json\/wp\/v2\/posts"}],"about":[{"href":"https:\/\/importaco.com\/en\/wp-json\/wp\/v2\/types\/post"}],"author":[{"embeddable":true,"href":"https:\/\/importaco.com\/en\/wp-json\/wp\/v2\/users\/7"}],"replies":[{"embeddable":true,"href":"https:\/\/importaco.com\/en\/wp-json\/wp\/v2\/comments?post=778"}],"version-history":[{"count":2,"href":"https:\/\/importaco.com\/en\/wp-json\/wp\/v2\/posts\/778\/revisions"}],"predecessor-version":[{"id":3317,"href":"https:\/\/importaco.com\/en\/wp-json\/wp\/v2\/posts\/778\/revisions\/3317"}],"wp:featuredmedia":[{"embeddable":true,"href":"https:\/\/importaco.com\/en\/wp-json\/wp\/v2\/media\/1111"}],"wp:attachment":[{"href":"https:\/\/importaco.com\/en\/wp-json\/wp\/v2\/media?parent=778"}],"wp:term":[{"taxonomy":"category","embeddable":true,"href":"https:\/\/importaco.com\/en\/wp-json\/wp\/v2\/categories?post=778"}],"curies":[{"name":"wp","href":"https:\/\/api.w.org\/{rel}","templated":true}]}}