{"id":884,"date":"2021-09-14T11:05:53","date_gmt":"2021-09-14T11:05:53","guid":{"rendered":"https:\/\/old.importaco.com\/?post_type=blog&#038;p=884"},"modified":"2023-12-29T15:11:27","modified_gmt":"2023-12-29T15:11:27","slug":"importaco-supports-sustainable-mobility","status":"publish","type":"post","link":"https:\/\/importaco.com\/en\/importaco-supports-sustainable-mobility\/","title":{"rendered":"Importaco supports sustainable mobility"},"content":{"rendered":"<p>We have started a plan on sustainable mobility to boost the use of electric vehicles in trips from one workplace to another. The objectives of this plan are reducing the consumption of fossil fuels and their emissions, improving the workers\u2019 health and introducing the use of renewable energies.<\/p>\n<p>The project has begun with the installation of 9 charging stations distributed in the following centers:<\/p>\n<ul>\n<li>CFS (Beniparrell, Valencia)<\/li>\n<li>Chocolates (Chella, Valencia)<\/li>\n<li>Sunflower Seeds (Sagunt, Valencia)<\/li>\n<li>Agua de Cortes (Cortes de Arenoso, Castell\u00f3n)<\/li>\n<li>Agua de Bronchales ( Bronchales, Teruel)<\/li>\n<\/ul>\n<p>This project is a step forward towards the commitment of Importaco with environment and innovation. Thanks to this project, by every kilometer made in an electric vehicle, we will reduce 2.7L. CO<sub>2<\/sub>. Soon, we will inform you about the policy of use of the stations.<\/p>\n","protected":false},"excerpt":{"rendered":"<p>We have started a plan on sustainable mobility to boost the use of electric vehicles in trips from one workplace\u2026<\/p>\n","protected":false},"author":7,"featured_media":1141,"comment_status":"closed","ping_status":"closed","sticky":false,"template":"","format":"standard","meta":{"_acf_changed":false,"inline_featured_image":false,"footnotes":""},"categories":[1],"acf":[],"yoast_head":"<!-- This site is optimized with the Yoast SEO plugin v23.5 - https:\/\/yoast.com\/wordpress\/plugins\/seo\/ -->\n<title>Importaco supports sustainable mobility - Importaco<\/title>\n<meta name=\"robots\" content=\"index, follow, max-snippet:-1, max-image-preview:large, max-video-preview:-1\" \/>\n<link rel=\"canonical\" href=\"https:\/\/importaco.com\/importaco-apuesta-por-la-movilidad-sostenible\/\" \/>\n<meta property=\"og:locale\" content=\"en_US\" \/>\n<meta property=\"og:type\" content=\"article\" \/>\n<meta property=\"og:title\" content=\"Importaco supports sustainable mobility - Importaco\" \/>\n<meta property=\"og:description\" content=\"We have started a plan on sustainable mobility to boost the use of electric vehicles in trips from one workplace\u2026\" \/>\n<meta property=\"og:url\" content=\"https:\/\/importaco.com\/importaco-apuesta-por-la-movilidad-sostenible\/\" \/>\n<meta property=\"og:site_name\" content=\"Importaco\" \/>\n<meta property=\"article:published_time\" content=\"2021-09-14T11:05:53+00:00\" \/>\n<meta property=\"article:modified_time\" content=\"2023-12-29T15:11:27+00:00\" \/>\n<meta property=\"og:image\" content=\"https:\/\/importaco.com\/wp-content\/uploads\/2023\/07\/Plantillas-3.jpg\" \/>\n\t<meta property=\"og:image:width\" content=\"1080\" \/>\n\t<meta property=\"og:image:height\" content=\"1080\" \/>\n\t<meta property=\"og:image:type\" content=\"image\/jpeg\" \/>\n<meta name=\"author\" content=\"Rosa Medina\" \/>\n<meta name=\"twitter:card\" content=\"summary_large_image\" \/>\n<meta name=\"twitter:label1\" content=\"Written by\" \/>\n\t<meta name=\"twitter:data1\" content=\"Rosa Medina\" \/>\n\t<meta name=\"twitter:label2\" content=\"Est. reading time\" \/>\n\t<meta name=\"twitter:data2\" content=\"1 minute\" \/>\n<script type=\"application\/ld+json\" class=\"yoast-schema-graph\">{\"@context\":\"https:\/\/schema.org\",\"@graph\":[{\"@type\":\"WebPage\",\"@id\":\"https:\/\/importaco.com\/importaco-apuesta-por-la-movilidad-sostenible\/\",\"url\":\"https:\/\/importaco.com\/importaco-apuesta-por-la-movilidad-sostenible\/\",\"name\":\"Importaco supports sustainable mobility - Importaco\",\"isPartOf\":{\"@id\":\"https:\/\/importaco.com\/#website\"},\"primaryImageOfPage\":{\"@id\":\"https:\/\/importaco.com\/importaco-apuesta-por-la-movilidad-sostenible\/#primaryimage\"},\"image\":{\"@id\":\"https:\/\/importaco.com\/importaco-apuesta-por-la-movilidad-sostenible\/#primaryimage\"},\"thumbnailUrl\":\"https:\/\/importaco.com\/wp-content\/uploads\/2023\/07\/Plantillas-3.jpg\",\"datePublished\":\"2021-09-14T11:05:53+00:00\",\"dateModified\":\"2023-12-29T15:11:27+00:00\",\"author\":{\"@id\":\"https:\/\/importaco.com\/#\/schema\/person\/694df8e3264d78628902ee84948fe0be\"},\"breadcrumb\":{\"@id\":\"https:\/\/importaco.com\/importaco-apuesta-por-la-movilidad-sostenible\/#breadcrumb\"},\"inLanguage\":\"en-US\",\"potentialAction\":[{\"@type\":\"ReadAction\",\"target\":[\"https:\/\/importaco.com\/importaco-apuesta-por-la-movilidad-sostenible\/\"]}]},{\"@type\":\"ImageObject\",\"inLanguage\":\"en-US\",\"@id\":\"https:\/\/importaco.com\/importaco-apuesta-por-la-movilidad-sostenible\/#primaryimage\",\"url\":\"https:\/\/importaco.com\/wp-content\/uploads\/2023\/07\/Plantillas-3.jpg\",\"contentUrl\":\"https:\/\/importaco.com\/wp-content\/uploads\/2023\/07\/Plantillas-3.jpg\",\"width\":1080,\"height\":1080},{\"@type\":\"BreadcrumbList\",\"@id\":\"https:\/\/importaco.com\/importaco-apuesta-por-la-movilidad-sostenible\/#breadcrumb\",\"itemListElement\":[{\"@type\":\"ListItem\",\"position\":1,\"name\":\"Portada\",\"item\":\"https:\/\/importaco.com\/en\/\"},{\"@type\":\"ListItem\",\"position\":2,\"name\":\"Importaco supports sustainable mobility\"}]},{\"@type\":\"WebSite\",\"@id\":\"https:\/\/importaco.com\/#website\",\"url\":\"https:\/\/importaco.com\/\",\"name\":\"Importaco\",\"description\":\"Importaco, fundada en 1940, es una compa\u00f1\u00eda l\u00edder en la industria de alimentaci\u00f3n y bebidas, especializada en la comercializaci\u00f3n de frutos secos y agua mineral.\",\"potentialAction\":[{\"@type\":\"SearchAction\",\"target\":{\"@type\":\"EntryPoint\",\"urlTemplate\":\"https:\/\/importaco.com\/?s={search_term_string}\"},\"query-input\":{\"@type\":\"PropertyValueSpecification\",\"valueRequired\":true,\"valueName\":\"search_term_string\"}}],\"inLanguage\":\"en-US\"},{\"@type\":\"Person\",\"@id\":\"https:\/\/importaco.com\/#\/schema\/person\/694df8e3264d78628902ee84948fe0be\",\"name\":\"Rosa Medina\",\"image\":{\"@type\":\"ImageObject\",\"inLanguage\":\"en-US\",\"@id\":\"https:\/\/importaco.com\/#\/schema\/person\/image\/\",\"url\":\"https:\/\/secure.gravatar.com\/avatar\/32c403b7be84344ef916ccde54606203?s=96&d=mm&r=g\",\"contentUrl\":\"https:\/\/secure.gravatar.com\/avatar\/32c403b7be84344ef916ccde54606203?s=96&d=mm&r=g\",\"caption\":\"Rosa Medina\"},\"url\":\"https:\/\/importaco.com\/en\/author\/rosa\/\"}]}<\/script>\n<!-- \/ Yoast SEO plugin. -->","yoast_head_json":{"title":"Importaco supports sustainable mobility - Importaco","robots":{"index":"index","follow":"follow","max-snippet":"max-snippet:-1","max-image-preview":"max-image-preview:large","max-video-preview":"max-video-preview:-1"},"canonical":"https:\/\/importaco.com\/importaco-apuesta-por-la-movilidad-sostenible\/","og_locale":"en_US","og_type":"article","og_title":"Importaco supports sustainable mobility - Importaco","og_description":"We have started a plan on sustainable mobility to boost the use of electric vehicles in trips from one workplace\u2026","og_url":"https:\/\/importaco.com\/importaco-apuesta-por-la-movilidad-sostenible\/","og_site_name":"Importaco","article_published_time":"2021-09-14T11:05:53+00:00","article_modified_time":"2023-12-29T15:11:27+00:00","og_image":[{"width":1080,"height":1080,"url":"https:\/\/importaco.com\/wp-content\/uploads\/2023\/07\/Plantillas-3.jpg","type":"image\/jpeg"}],"author":"Rosa Medina","twitter_card":"summary_large_image","twitter_misc":{"Written by":"Rosa Medina","Est. reading time":"1 minute"},"schema":{"@context":"https:\/\/schema.org","@graph":[{"@type":"WebPage","@id":"https:\/\/importaco.com\/importaco-apuesta-por-la-movilidad-sostenible\/","url":"https:\/\/importaco.com\/importaco-apuesta-por-la-movilidad-sostenible\/","name":"Importaco supports sustainable mobility - Importaco","isPartOf":{"@id":"https:\/\/importaco.com\/#website"},"primaryImageOfPage":{"@id":"https:\/\/importaco.com\/importaco-apuesta-por-la-movilidad-sostenible\/#primaryimage"},"image":{"@id":"https:\/\/importaco.com\/importaco-apuesta-por-la-movilidad-sostenible\/#primaryimage"},"thumbnailUrl":"https:\/\/importaco.com\/wp-content\/uploads\/2023\/07\/Plantillas-3.jpg","datePublished":"2021-09-14T11:05:53+00:00","dateModified":"2023-12-29T15:11:27+00:00","author":{"@id":"https:\/\/importaco.com\/#\/schema\/person\/694df8e3264d78628902ee84948fe0be"},"breadcrumb":{"@id":"https:\/\/importaco.com\/importaco-apuesta-por-la-movilidad-sostenible\/#breadcrumb"},"inLanguage":"en-US","potentialAction":[{"@type":"ReadAction","target":["https:\/\/importaco.com\/importaco-apuesta-por-la-movilidad-sostenible\/"]}]},{"@type":"ImageObject","inLanguage":"en-US","@id":"https:\/\/importaco.com\/importaco-apuesta-por-la-movilidad-sostenible\/#primaryimage","url":"https:\/\/importaco.com\/wp-content\/uploads\/2023\/07\/Plantillas-3.jpg","contentUrl":"https:\/\/importaco.com\/wp-content\/uploads\/2023\/07\/Plantillas-3.jpg","width":1080,"height":1080},{"@type":"BreadcrumbList","@id":"https:\/\/importaco.com\/importaco-apuesta-por-la-movilidad-sostenible\/#breadcrumb","itemListElement":[{"@type":"ListItem","position":1,"name":"Portada","item":"https:\/\/importaco.com\/en\/"},{"@type":"ListItem","position":2,"name":"Importaco supports sustainable mobility"}]},{"@type":"WebSite","@id":"https:\/\/importaco.com\/#website","url":"https:\/\/importaco.com\/","name":"Importaco","description":"Importaco, fundada en 1940, es una compa\u00f1\u00eda l\u00edder en la industria de alimentaci\u00f3n y bebidas, especializada en la comercializaci\u00f3n de frutos secos y agua mineral.","potentialAction":[{"@type":"SearchAction","target":{"@type":"EntryPoint","urlTemplate":"https:\/\/importaco.com\/?s={search_term_string}"},"query-input":{"@type":"PropertyValueSpecification","valueRequired":true,"valueName":"search_term_string"}}],"inLanguage":"en-US"},{"@type":"Person","@id":"https:\/\/importaco.com\/#\/schema\/person\/694df8e3264d78628902ee84948fe0be","name":"Rosa Medina","image":{"@type":"ImageObject","inLanguage":"en-US","@id":"https:\/\/importaco.com\/#\/schema\/person\/image\/","url":"https:\/\/secure.gravatar.com\/avatar\/32c403b7be84344ef916ccde54606203?s=96&d=mm&r=g","contentUrl":"https:\/\/secure.gravatar.com\/avatar\/32c403b7be84344ef916ccde54606203?s=96&d=mm&r=g","caption":"Rosa Medina"},"url":"https:\/\/importaco.com\/en\/author\/rosa\/"}]}},"_links":{"self":[{"href":"https:\/\/importaco.com\/en\/wp-json\/wp\/v2\/posts\/884"}],"collection":[{"href":"https:\/\/importaco.com\/en\/wp-json\/wp\/v2\/posts"}],"about":[{"href":"https:\/\/importaco.com\/en\/wp-json\/wp\/v2\/types\/post"}],"author":[{"embeddable":true,"href":"https:\/\/importaco.com\/en\/wp-json\/wp\/v2\/users\/7"}],"replies":[{"embeddable":true,"href":"https:\/\/importaco.com\/en\/wp-json\/wp\/v2\/comments?post=884"}],"version-history":[{"count":2,"href":"https:\/\/importaco.com\/en\/wp-json\/wp\/v2\/posts\/884\/revisions"}],"predecessor-version":[{"id":3302,"href":"https:\/\/importaco.com\/en\/wp-json\/wp\/v2\/posts\/884\/revisions\/3302"}],"wp:featuredmedia":[{"embeddable":true,"href":"https:\/\/importaco.com\/en\/wp-json\/wp\/v2\/media\/1141"}],"wp:attachment":[{"href":"https:\/\/importaco.com\/en\/wp-json\/wp\/v2\/media?parent=884"}],"wp:term":[{"taxonomy":"category","embeddable":true,"href":"https:\/\/importaco.com\/en\/wp-json\/wp\/v2\/categories?post=884"}],"curies":[{"name":"wp","href":"https:\/\/api.w.org\/{rel}","templated":true}]}}